{"id":157197,"date":"2020-03-10T09:35:34","date_gmt":"2020-03-10T12:35:34","guid":{"rendered":"http:\/\/www.caririemacao.com\/1\/?p=157197"},"modified":"2020-03-10T09:35:36","modified_gmt":"2020-03-10T12:35:36","slug":"mec-oferece-cursos-para-mulheres-em-situacao-de-vulnerabilidade","status":"publish","type":"post","link":"https:\/\/www.caririemacao.com\/1\/2020\/03\/10\/mec-oferece-cursos-para-mulheres-em-situacao-de-vulnerabilidade\/","title":{"rendered":"MEC oferece cursos para mulheres em situa\u00e7\u00e3o de vulnerabilidade"},"content":{"rendered":"\n<p>Os institutos federais vinculados ao Minist\u00e9rio da Educa\u00e7\u00e3o (MEC) v\u00e3o abrir 5,4 mil vagas em cursos de forma\u00e7\u00e3o profissional para mulheres em situa\u00e7\u00e3o de vulnerabilidade em quatro estados de tr\u00eas regi\u00f5es do pa\u00eds: Amap\u00e1 e Rond\u00f4nia (Norte), Maranh\u00e3o (Nordeste) e Minas Gerais (Sudeste).<\/p>\n\n\n\n<p>Os cursos ser\u00e3o ofertados nos pr\u00f3prios institutos, de acordo com as necessidades educacionais e econ\u00f4micas de cada regi\u00e3o. As turmas ter\u00e3o in\u00edcio de mar\u00e7o at\u00e9 a primeira quinzena de maio. A expectativa do minist\u00e9rio \u00e9 expandir os cursos para outras regi\u00f5es.<\/p>\n\n\n\n<h2 class=\"wp-block-heading\">Cursos<\/h2>\n\n\n\n<p>No Instituto Federal do Amap\u00e1 (<a href=\"http:\/\/home.ifap.edu.br\/\" target=\"_blank\" rel=\"noreferrer noopener\">IFAP<\/a>), ser\u00e3o ofertadas 520 vagas para mulheres ribeirinhas, negras, quilombolas e ind\u00edgenas. Para 2020, a institui\u00e7\u00e3o vai promover cursos de microempreendedora individual, operadora de res\u00edduos s\u00f3lidos, promotora de vendas e operadora de m\u00e1quinas e res\u00edduos agr\u00edcolas.<\/p>\n\n\n\n<p>O Instituto Federal de Rond\u00f4nia (<a href=\"https:\/\/www.ifro.edu.br\/\" target=\"_blank\" rel=\"noreferrer noopener\">IFRO<\/a>) oferece 600 vagas para os cursos de cuidadora infantil, de idosos, padeira, esteticista facial, maquiadora e operadora de processamento de pescado.<\/p>\n\n\n\n<p>O&nbsp;<a href=\"https:\/\/portal.ifsuldeminas.edu.br\/\" target=\"_blank\" rel=\"noreferrer noopener\">Instituto Federal do Sul de Minas<\/a>&nbsp;disponibiliza 1.800 vagas para copeira, costureira, cuidadora de idosos, depiladora, gar\u00e7onete, inform\u00e1tica, entre outros.<\/p>\n\n\n\n<p>J\u00e1 o Instituto Federal do Maranh\u00e3o (<a href=\"https:\/\/portal.ifma.edu.br\/\" target=\"_blank\" rel=\"noreferrer noopener\">IFMA<\/a>) tem 2.490 vagas para cursos de auxiliar administrativo, operador de pescado, balconista de farm\u00e1cia, entre outras op\u00e7\u00f5es.<\/p>\n","protected":false},"excerpt":{"rendered":"<p>Os institutos federais vinculados ao Minist\u00e9rio da Educa\u00e7\u00e3o (MEC) v\u00e3o abrir 5,4 mil vagas em cursos de forma\u00e7\u00e3o profissional para mulheres em situa\u00e7\u00e3o de vulnerabilidade&hellip; <\/p>\n","protected":false},"author":2,"featured_media":157198,"comment_status":"closed","ping_status":"closed","sticky":false,"template":"","format":"standard","meta":{"sfsi_plus_gutenberg_text_before_share":"","sfsi_plus_gutenberg_show_text_before_share":"","sfsi_plus_gutenberg_icon_type":"","sfsi_plus_gutenberg_icon_alignemt":"","sfsi_plus_gutenburg_max_per_row":"","footnotes":""},"categories":[2],"tags":[],"class_list":["post-157197","post","type-post","status-publish","format-standard","has-post-thumbnail","hentry","category-geral"],"_links":{"self":[{"href":"https:\/\/www.caririemacao.com\/1\/wp-json\/wp\/v2\/posts\/157197","targetHints":{"allow":["GET"]}}],"collection":[{"href":"https:\/\/www.caririemacao.com\/1\/wp-json\/wp\/v2\/posts"}],"about":[{"href":"https:\/\/www.caririemacao.com\/1\/wp-json\/wp\/v2\/types\/post"}],"author":[{"embeddable":true,"href":"https:\/\/www.caririemacao.com\/1\/wp-json\/wp\/v2\/users\/2"}],"replies":[{"embeddable":true,"href":"https:\/\/www.caririemacao.com\/1\/wp-json\/wp\/v2\/comments?post=157197"}],"version-history":[{"count":1,"href":"https:\/\/www.caririemacao.com\/1\/wp-json\/wp\/v2\/posts\/157197\/revisions"}],"predecessor-version":[{"id":157199,"href":"https:\/\/www.caririemacao.com\/1\/wp-json\/wp\/v2\/posts\/157197\/revisions\/157199"}],"wp:featuredmedia":[{"embeddable":true,"href":"https:\/\/www.caririemacao.com\/1\/wp-json\/wp\/v2\/media\/157198"}],"wp:attachment":[{"href":"https:\/\/www.caririemacao.com\/1\/wp-json\/wp\/v2\/media?parent=157197"}],"wp:term":[{"taxonomy":"category","embeddable":true,"href":"https:\/\/www.caririemacao.com\/1\/wp-json\/wp\/v2\/categories?post=157197"},{"taxonomy":"post_tag","embeddable":true,"href":"https:\/\/www.caririemacao.com\/1\/wp-json\/wp\/v2\/tags?post=157197"}],"curies":[{"name":"wp","href":"https:\/\/api.w.org\/{rel}","templated":true}]}}