{"id":157201,"date":"2020-03-10T09:38:13","date_gmt":"2020-03-10T12:38:13","guid":{"rendered":"http:\/\/www.caririemacao.com\/1\/?p=157201"},"modified":"2020-03-10T09:38:16","modified_gmt":"2020-03-10T12:38:16","slug":"federacao-internacional-de-judo-cancela-torneios-ate-final-de-abril","status":"publish","type":"post","link":"https:\/\/www.caririemacao.com\/1\/2020\/03\/10\/federacao-internacional-de-judo-cancela-torneios-ate-final-de-abril\/","title":{"rendered":"Federa\u00e7\u00e3o Internacional de Jud\u00f4 cancela torneios at\u00e9 final de abril"},"content":{"rendered":"\n<p>A Federa\u00e7\u00e3o Internacional de Jud\u00f4 (IJF, sigla em ingl\u00eas) decidiu nesta segunda-feira (9 ) cancelar todos os torneios da modalidade at\u00e9 o final de abril, devido \u00e0 epidemia de coronav\u00edrus (Covid-19). Entre as competi\u00e7\u00f5es suspensas, est\u00e3o o Grand Slam de Ecaterimburgo (R\u00fassia) &#8211; que seria realizado a partir de sexta-feira (13) \u2013 e os Grand Prix de Tiblisi (Georgia) e Ant\u00e1lia (Turquia). &nbsp;<\/p>\n\n\n\n<p>A medida dr\u00e1stica adotada pela IJF ocorre uma semana ap\u00f3s o&nbsp;<a href=\"https:\/\/agenciabrasil.ebc.com.br\/esportes\/noticia\/2020-03\/grand-prix-de-judo-em-marrocos-e-cancelado-por-conta-do-coronavirus\">cancelamento do Grand Prix de Rabat (Marrocos)<\/a>, tamb\u00e9m por conta do Covid-19. Para n\u00e3o prejudicar os atletas na reta final de qualifica\u00e7\u00e3o para os Jogos Ol\u00edmpicos de T\u00f3quio 2020, a IJF reabriu o prazo de inscri\u00e7\u00f5es Grand Slam de Ecaterimburgo, um dos que mais valem pontos (1.000).<\/p>\n\n\n\n<p>A decis\u00e3o do IJF de cancelar os pr\u00f3ximos tr\u00eas torneios pegou de surpresa a delega\u00e7\u00e3o brasileira de jud\u00f4, composta por 25 atletas,<a href=\"https:\/\/agenciabrasil.ebc.com.br\/esportes\/noticia\/2020-03\/caminho-da-europa-selecao-de-judo-se-blinda-contra-coronavirus\">&nbsp;j\u00e1 com malas prontas para viajar \u00e0 R\u00fassia<\/a>. Frente \u00e0 epidemia de coronav\u00edrus e a suspens\u00e3o em s\u00e9rie de diversas competi\u00e7\u00f5es, a dif\u00edcil luta por vagas em T\u00f3quio fica mais preocupante a cada dia.<\/p>\n\n\n\n<p>No calend\u00e1rio da IJF est\u00e3o mantidos o Grand Slam de Baku (Azerbaij\u00e3o), de 8 a 10 de maio, e tamb\u00e9m o Masters de Doha (Catar), de 28 a 30 de maio. A IJF define o ranking ol\u00edmpico do jud\u00f4 no dia 30 de maio, e no dia 1\u00ba de junho a Confedera\u00e7\u00e3o Brasileira de Jud\u00f4 (CBJ) anuncia os classificados.<\/p>\n","protected":false},"excerpt":{"rendered":"<p>A Federa\u00e7\u00e3o Internacional de Jud\u00f4 (IJF, sigla em ingl\u00eas) decidiu nesta segunda-feira (9 ) cancelar todos os torneios da modalidade at\u00e9 o final de abril,&hellip; <\/p>\n","protected":false},"author":2,"featured_media":156833,"comment_status":"closed","ping_status":"closed","sticky":false,"template":"","format":"standard","meta":{"sfsi_plus_gutenberg_text_before_share":"","sfsi_plus_gutenberg_show_text_before_share":"","sfsi_plus_gutenberg_icon_type":"","sfsi_plus_gutenberg_icon_alignemt":"","sfsi_plus_gutenburg_max_per_row":"","footnotes":""},"categories":[2],"tags":[],"class_list":["post-157201","post","type-post","status-publish","format-standard","has-post-thumbnail","hentry","category-geral"],"_links":{"self":[{"href":"https:\/\/www.caririemacao.com\/1\/wp-json\/wp\/v2\/posts\/157201","targetHints":{"allow":["GET"]}}],"collection":[{"href":"https:\/\/www.caririemacao.com\/1\/wp-json\/wp\/v2\/posts"}],"about":[{"href":"https:\/\/www.caririemacao.com\/1\/wp-json\/wp\/v2\/types\/post"}],"author":[{"embeddable":true,"href":"https:\/\/www.caririemacao.com\/1\/wp-json\/wp\/v2\/users\/2"}],"replies":[{"embeddable":true,"href":"https:\/\/www.caririemacao.com\/1\/wp-json\/wp\/v2\/comments?post=157201"}],"version-history":[{"count":1,"href":"https:\/\/www.caririemacao.com\/1\/wp-json\/wp\/v2\/posts\/157201\/revisions"}],"predecessor-version":[{"id":157202,"href":"https:\/\/www.caririemacao.com\/1\/wp-json\/wp\/v2\/posts\/157201\/revisions\/157202"}],"wp:featuredmedia":[{"embeddable":true,"href":"https:\/\/www.caririemacao.com\/1\/wp-json\/wp\/v2\/media\/156833"}],"wp:attachment":[{"href":"https:\/\/www.caririemacao.com\/1\/wp-json\/wp\/v2\/media?parent=157201"}],"wp:term":[{"taxonomy":"category","embeddable":true,"href":"https:\/\/www.caririemacao.com\/1\/wp-json\/wp\/v2\/categories?post=157201"},{"taxonomy":"post_tag","embeddable":true,"href":"https:\/\/www.caririemacao.com\/1\/wp-json\/wp\/v2\/tags?post=157201"}],"curies":[{"name":"wp","href":"https:\/\/api.w.org\/{rel}","templated":true}]}}