{"id":157207,"date":"2020-03-10T09:47:19","date_gmt":"2020-03-10T12:47:19","guid":{"rendered":"http:\/\/www.caririemacao.com\/1\/?p=157207"},"modified":"2020-03-10T09:47:20","modified_gmt":"2020-03-10T12:47:20","slug":"tre-esta-pronto-para-julgar-acoes-da-calvario-diz-novo-presidente-do-tre","status":"publish","type":"post","link":"https:\/\/www.caririemacao.com\/1\/2020\/03\/10\/tre-esta-pronto-para-julgar-acoes-da-calvario-diz-novo-presidente-do-tre\/","title":{"rendered":"TRE est\u00e1 pronto para julgar a\u00e7\u00f5es da Calv\u00e1rio, diz novo presidente do TRE"},"content":{"rendered":"\n<p>O novo presidente do Tribunal Regional Eleitoral da Para\u00edba, Jos\u00e9 Ricardo Porto, afirmou, na tarde desta segunda-feira (9), que o colegiado est\u00e1 preparado para julgar a\u00e7\u00f5es resultantes das investiga\u00e7\u00f5es Calv\u00e1rio, caso seja acionado. Entretanto de acordo o desembargador, que tomou posse na corte hoje, ainda n\u00e3o houve nenhuma solicita\u00e7\u00e3o nesse sentido.<\/p>\n\n\n\n<p><\/p>\n\n\n\n<p>\u201cAt\u00e9 agora o TRE n\u00e3o foi solicitado, n\u00e3o foi chamado para participar e para apreciar qualquer ato ou pessoas de opera\u00e7\u00f5es. Quando isso acontecer e se acontecer o Tribunal Regional Eleitoral est\u00e1 preparado para cumprir suas obriga\u00e7\u00f5es\u201d, destacou.<\/p>\n\n\n\n<p><\/p>\n\n\n\n<p>Em seu discurso de posse, Jos\u00e9 Ricardo Porto questionou o estatuto da reelei\u00e7\u00e3o e o voto de legenda.<\/p>\n\n\n\n<p><\/p>\n\n\n\n<p>\u201cN\u00e3o sou contra a reelei\u00e7\u00e3o, mas \u00e9 preciso elastecer o mandato para que a coisas caminhem com mais naturalidade, menos problema e menos a\u00e7\u00f5es na Justi\u00e7a e muitas vezes a popula\u00e7\u00e3o vigiada da paraferniza\u00e7\u00e3o\u201d, destacou.<\/p>\n\n\n\n<p><\/p>\n\n\n\n<p>Para Zeca Porto, as novas regras eleitorais quem tem sido aprovadas tamb\u00e9m n\u00e3o tem solucionado algumas quest\u00f5es eleitorais contestadas no mundo pol\u00edtico como o voto de legenda.<\/p>\n\n\n\n<p><\/p>\n\n\n\n<p>\u201cEntra reforma, e sai reforma e o voto de legenda ainda esta l\u00e1. Uma fraude contra o eleitor e a representatividade popular. Um deputado pode por sua pr\u00f3pria vota\u00e7\u00e3o eleger tr\u00eas a quatro em detrimento de outros que poderiam se consagrar se n\u00e3o fosse o instituto de voto de legenda. Eu fui analisar e poderia trazer recentemente um caso que se tornou nacional, o de deputado Tiririca, que teve uma vota\u00e7\u00e3o t\u00e3o imensa que elegeu quatro deputados\u201d, destacou.<\/p>\n\n\n\n<p><\/p>\n\n\n\n<p>Sobre o seu mandato no TRE, ele disse que um dos seus objetivos \u00e9 fazer elei\u00e7\u00f5es que correspondam aos anseios do povo paraibano.<\/p>\n\n\n\n<p>ResumoPB<\/p>\n","protected":false},"excerpt":{"rendered":"<p>O novo presidente do Tribunal Regional Eleitoral da Para\u00edba, Jos\u00e9 Ricardo Porto, afirmou, na tarde desta segunda-feira (9), que o colegiado est\u00e1 preparado para julgar&hellip; <\/p>\n","protected":false},"author":2,"featured_media":157208,"comment_status":"closed","ping_status":"closed","sticky":false,"template":"","format":"standard","meta":{"sfsi_plus_gutenberg_text_before_share":"","sfsi_plus_gutenberg_show_text_before_share":"","sfsi_plus_gutenberg_icon_type":"","sfsi_plus_gutenberg_icon_alignemt":"","sfsi_plus_gutenburg_max_per_row":"","footnotes":""},"categories":[2],"tags":[],"class_list":["post-157207","post","type-post","status-publish","format-standard","has-post-thumbnail","hentry","category-geral"],"_links":{"self":[{"href":"https:\/\/www.caririemacao.com\/1\/wp-json\/wp\/v2\/posts\/157207","targetHints":{"allow":["GET"]}}],"collection":[{"href":"https:\/\/www.caririemacao.com\/1\/wp-json\/wp\/v2\/posts"}],"about":[{"href":"https:\/\/www.caririemacao.com\/1\/wp-json\/wp\/v2\/types\/post"}],"author":[{"embeddable":true,"href":"https:\/\/www.caririemacao.com\/1\/wp-json\/wp\/v2\/users\/2"}],"replies":[{"embeddable":true,"href":"https:\/\/www.caririemacao.com\/1\/wp-json\/wp\/v2\/comments?post=157207"}],"version-history":[{"count":1,"href":"https:\/\/www.caririemacao.com\/1\/wp-json\/wp\/v2\/posts\/157207\/revisions"}],"predecessor-version":[{"id":157209,"href":"https:\/\/www.caririemacao.com\/1\/wp-json\/wp\/v2\/posts\/157207\/revisions\/157209"}],"wp:featuredmedia":[{"embeddable":true,"href":"https:\/\/www.caririemacao.com\/1\/wp-json\/wp\/v2\/media\/157208"}],"wp:attachment":[{"href":"https:\/\/www.caririemacao.com\/1\/wp-json\/wp\/v2\/media?parent=157207"}],"wp:term":[{"taxonomy":"category","embeddable":true,"href":"https:\/\/www.caririemacao.com\/1\/wp-json\/wp\/v2\/categories?post=157207"},{"taxonomy":"post_tag","embeddable":true,"href":"https:\/\/www.caririemacao.com\/1\/wp-json\/wp\/v2\/tags?post=157207"}],"curies":[{"name":"wp","href":"https:\/\/api.w.org\/{rel}","templated":true}]}}