{"id":157210,"date":"2020-03-10T09:58:19","date_gmt":"2020-03-10T12:58:19","guid":{"rendered":"http:\/\/www.caririemacao.com\/1\/?p=157210"},"modified":"2020-03-10T09:58:21","modified_gmt":"2020-03-10T12:58:21","slug":"bolsa-cai-12-e-dolar-fecha-em-r-472-em-dia-de-panico-na-economia","status":"publish","type":"post","link":"https:\/\/www.caririemacao.com\/1\/2020\/03\/10\/bolsa-cai-12-e-dolar-fecha-em-r-472-em-dia-de-panico-na-economia\/","title":{"rendered":"Bolsa cai 12%, e d\u00f3lar fecha em R$ 4,72 em dia de p\u00e2nico na economia"},"content":{"rendered":"\n<p>Em um dia de p\u00e2nico no mercado financeiro global, o d\u00f3lar aproximou-se de R$ 4,80, mesmo com o Banco Central (BC) vendendo a moeda das reservas internacionais. A bolsa de valores brasileira, a B3, caiu 12%, chegando a ter os neg\u00f3cios interrompidos durante a manh\u00e3.<\/p>\n\n\n\n<p><\/p>\n\n\n\n<p>O \u00edndice Ibovespa fechou o dia com recuo de 12,17%, aos 86.067 pontos, retornando aos n\u00edveis de dezembro de 2018. Essa foi a maior queda para um \u00fanico dia desde setembro de 1998, quando a R\u00fassia declarou morat\u00f3ria. O d\u00f3lar comercial encerrou esta segunda-feira (9) vendido a R$ 4,726, com alta de 1,97%, R$ 0,091, no maior valor nominal desde a cria\u00e7\u00e3o do real.<\/p>\n\n\n\n<p><\/p>\n\n\n\n<p><\/p>\n\n\n\n<p>O BC interveio no mercado duas vezes. Pela manh\u00e3, a autoridade monet\u00e1ria vendeu \u00e0 vista US$ 3 bilh\u00f5es das reservas internacionais. \u00c0 tarde, vendeu mais US$ 465 milh\u00f5es, embora tenha oferecido at\u00e9 US$ 1 bilh\u00e3o. At\u00e9 a semana passada, o BC estava apenas leiloando novos contratos de swap cambial, que funcionam como venda de d\u00f3lares no mercado futuro.<\/p>\n\n\n\n<p><\/p>\n\n\n\n<p>Circuit breaker<\/p>\n\n\n\n<p><\/p>\n\n\n\n<p>Pela manh\u00e3, a B3 chegou a ter as negocia\u00e7\u00f5es interrompidas por 30 minutos porque o Ibovespa tinha ca\u00eddo mais de 10%. Esse \u00e9 o chamado circuit breaker, mecanismo acionado quando o \u00edndice cai mais que determinado n\u00edvel.<\/p>\n\n\n\n<p><\/p>\n\n\n\n<p><\/p>\n\n\n\n<p>A \u00faltima vez em que a bolsa tinha tido as negocia\u00e7\u00f5es interrompidas foi em maio de 2017, ap\u00f3s a divulga\u00e7\u00e3o de conversas do ent\u00e3o presidente Michel Temer com o empres\u00e1rio Joesley Batista, dono da JBS.<\/p>\n\n\n\n<p><\/p>\n\n\n\n<p>Petr\u00f3leo<\/p>\n\n\n\n<p><\/p>\n\n\n\n<p>Os mercados de todo o planeta, que nas \u00faltimas semanas t\u00eam atravessado momentos de instabilidade por causa dos receios de uma recess\u00e3o global provocada pelo coronav\u00edrus, enfrentaram um dia de p\u00e2nico com a disputa de pre\u00e7os entre Ar\u00e1bia Saudita e R\u00fassia em torno do petr\u00f3leo.<\/p>\n\n\n\n<p><\/p>\n\n\n\n<p>Membro da Organiza\u00e7\u00e3o dos Pa\u00edses Exportadores de Petr\u00f3leo (Opep), a Ar\u00e1bia Saudita aumentou a produ\u00e7\u00e3o de petr\u00f3leo depois que o governo de Vladimir Putin decidiu n\u00e3o aderir a um acordo para reduzir a extra\u00e7\u00e3o em todo o mundo.<\/p>\n\n\n\n<p><\/p>\n\n\n\n<p>O aumento de produ\u00e7\u00e3o num cen\u00e1rio de queda mundial de demanda por causa do coronav\u00edrus fez a cota\u00e7\u00e3o do barril de petr\u00f3leo iniciar o dia com queda de mais de 30%. Por volta das 18h, o barril do tipo Brent era vendido a US$ 33,41, com queda de 26,2%. Essa foi a maior queda no pre\u00e7o internacional para um dia desde a Guerra do Golfo, em janeiro de 1991.<\/p>\n\n\n\n<p><\/p>\n\n\n\n<p><\/p>\n\n\n\n<p>Para o Brasil, a queda no barril de petr\u00f3leo afeta as a\u00e7\u00f5es da Petrobras, a maior empresa brasileira capitalizada na bolsa. Os pap\u00e9is ordin\u00e1rios (com direito a voto em assembleia de acionistas) da companhia fecharam o dia com queda de 29,68%. Os pap\u00e9is preferenciais (que d\u00e3o prefer\u00eancia na distribui\u00e7\u00e3o de dividendos) ca\u00edram 29,7%. Segundo a pr\u00f3pria Petrobras, a extra\u00e7\u00e3o do petr\u00f3leo na camada pr\u00e9-sal s\u00f3 \u00e9 vi\u00e1vel quando a cota\u00e7\u00e3o do barril est\u00e1 acima de US$ 45.<\/p>\n\n\n\n<p><\/p>\n\n\n\n<p>Consequ\u00eancias<\/p>\n\n\n\n<p><\/p>\n\n\n\n<p>A queda nas cota\u00e7\u00f5es do barril de petr\u00f3leo traz outras consequ\u00eancias para a economia brasileira. Caso os pre\u00e7os baixos se mantenham, a companhia repassar\u00e1 a queda do pre\u00e7o internacional para a gasolina e o diesel. Se, por um lado, a queda beneficia os consumidores; por outro, prejudica o setor de etanol, que perde competitividade.<\/p>\n\n\n\n<p><\/p>\n\n\n\n<p>Os pre\u00e7os mais baixos diminuem a arrecada\u00e7\u00e3o de royalties do petr\u00f3leo e a arrecada\u00e7\u00e3o de Imposto sobre a Circula\u00e7\u00e3o de Mercadorias e Servi\u00e7os (ICMS), o principal tributo estadual, num momento em que diversos estados atravessam dificuldades financeiras.<\/p>\n\n\n\n<p><\/p>\n\n\n\n<p>Paulo Guedes<\/p>\n\n\n\n<p><\/p>\n\n\n\n<p>Hoje pela manh\u00e3, o ministro da Economia, Paulo Guedes, voltou a dizer que a crise internacional deve afetar menos o Brasil que outros pa\u00edses porque a economia brasileira \u00e9 mais fechada que a do resto do mundo. O ministro repetiu que a melhor resposta para a crise \u00e9 a continuidade da agenda de reformas e reiterou que a reforma administrativa pode ser enviada ao Congresso ainda esta semana.<\/p>\n\n\n\n<p><\/p>\n\n\n\n<p>Click PB<\/p>\n","protected":false},"excerpt":{"rendered":"<p>Em um dia de p\u00e2nico no mercado financeiro global, o d\u00f3lar aproximou-se de R$ 4,80, mesmo com o Banco Central (BC) vendendo a moeda das&hellip; <\/p>\n","protected":false},"author":2,"featured_media":157211,"comment_status":"closed","ping_status":"closed","sticky":false,"template":"","format":"standard","meta":{"sfsi_plus_gutenberg_text_before_share":"","sfsi_plus_gutenberg_show_text_before_share":"","sfsi_plus_gutenberg_icon_type":"","sfsi_plus_gutenberg_icon_alignemt":"","sfsi_plus_gutenburg_max_per_row":"","footnotes":""},"categories":[2],"tags":[],"class_list":["post-157210","post","type-post","status-publish","format-standard","has-post-thumbnail","hentry","category-geral"],"_links":{"self":[{"href":"https:\/\/www.caririemacao.com\/1\/wp-json\/wp\/v2\/posts\/157210","targetHints":{"allow":["GET"]}}],"collection":[{"href":"https:\/\/www.caririemacao.com\/1\/wp-json\/wp\/v2\/posts"}],"about":[{"href":"https:\/\/www.caririemacao.com\/1\/wp-json\/wp\/v2\/types\/post"}],"author":[{"embeddable":true,"href":"https:\/\/www.caririemacao.com\/1\/wp-json\/wp\/v2\/users\/2"}],"replies":[{"embeddable":true,"href":"https:\/\/www.caririemacao.com\/1\/wp-json\/wp\/v2\/comments?post=157210"}],"version-history":[{"count":1,"href":"https:\/\/www.caririemacao.com\/1\/wp-json\/wp\/v2\/posts\/157210\/revisions"}],"predecessor-version":[{"id":157212,"href":"https:\/\/www.caririemacao.com\/1\/wp-json\/wp\/v2\/posts\/157210\/revisions\/157212"}],"wp:featuredmedia":[{"embeddable":true,"href":"https:\/\/www.caririemacao.com\/1\/wp-json\/wp\/v2\/media\/157211"}],"wp:attachment":[{"href":"https:\/\/www.caririemacao.com\/1\/wp-json\/wp\/v2\/media?parent=157210"}],"wp:term":[{"taxonomy":"category","embeddable":true,"href":"https:\/\/www.caririemacao.com\/1\/wp-json\/wp\/v2\/categories?post=157210"},{"taxonomy":"post_tag","embeddable":true,"href":"https:\/\/www.caririemacao.com\/1\/wp-json\/wp\/v2\/tags?post=157210"}],"curies":[{"name":"wp","href":"https:\/\/api.w.org\/{rel}","templated":true}]}}