{"id":157224,"date":"2020-03-10T10:24:16","date_gmt":"2020-03-10T13:24:16","guid":{"rendered":"http:\/\/www.caririemacao.com\/1\/?p=157224"},"modified":"2020-03-10T10:24:18","modified_gmt":"2020-03-10T13:24:18","slug":"nomeacao-feita-por-regina-duarte-e-anulada-pelo-planalto","status":"publish","type":"post","link":"https:\/\/www.caririemacao.com\/1\/2020\/03\/10\/nomeacao-feita-por-regina-duarte-e-anulada-pelo-planalto\/","title":{"rendered":"Nomea\u00e7\u00e3o feita por Regina Duarte \u00e9 anulada pelo Planalto"},"content":{"rendered":"\n<p>O Planalto anulou a nomea\u00e7\u00e3o de Maria Do Carmo Brant de Carvalho, escolhida por Regina Duarte para trabalhar com ela na secretaria especial de Cultura. Maria do Carmo comandaria a Secretaria da Diversidade, conforme publica\u00e7\u00e3o no Di\u00e1rio Oficial desta segunda-feira (9).<\/p>\n\n\n\n<p>Em edi\u00e7\u00e3o extra do Di\u00e1rio Oficial publicada no fim da tarde, o ministro da Casa Civil, Walter Souza Braga Netto, tornou a nomea\u00e7\u00e3o sem efeito. Maria do Carmo sofreu cr\u00edticas de aliados de Jair Bolsonaro por ter sido secret\u00e1ria de Assist\u00eancia Social durante o mandato de Dilma Rousseff.<\/p>\n\n\n\n<ul class=\"wp-block-list\"><li><strong>LEIA MAIS<\/strong>:&nbsp;<a href=\"https:\/\/www.clickpb.com.br\/brasil\/regina-duarte-voce-nao-vai-fazer-filme-pra-agradar-minoria-com-dinheiro-publico-279448.html\">Regina Duarte: &#8216;Voc\u00ea n\u00e3o vai fazer filme pra agradar a minoria com dinheiro p\u00fablico&#8217;<\/a><\/li><\/ul>\n\n\n\n<p>Ap\u00f3s afirmar que uma &#8220;fac\u00e7\u00e3o&#8221; deseja tir\u00e1-la da Secretaria de Cultura, Regina recebeu cr\u00edticas p\u00fablicas do ministro da Secretaria de Governo, Luiz Eduardo Ramos, do escritor Olavo de Carvalho e do&nbsp;<a href=\"https:\/\/www.clickpb.com.br\/brasil\/presidente-da-fundacao-palmares-critica-declaracao-de-regina-duarte-sobre-ele-279447.html\">presidente da Funda\u00e7\u00e3o Palmares, S\u00e9rgio Camargo<\/a>.<\/p>\n\n\n\n<p>Apontado como um dos fiadores da entrada da atriz no governo, Ramos disse ao Estado que &#8220;n\u00e3o foi boa&#8221; a declara\u00e7\u00e3o de Regina. Articulador pol\u00edtico do Pal\u00e1cio do Planalto, o ministro tamb\u00e9m defendeu Camargo, chamado pela atriz de &#8220;ativista&#8221; e de &#8220;problema&#8221;, em entrevista \u00e0 TV Globo exibida no domingo, 8. A assessoria da nova secret\u00e1ria afirma que o presidente Jair Bolsonaro sabia da grava\u00e7\u00e3o \u00e0 emissora.<\/p>\n\n\n\n<ul class=\"wp-block-list\"><li><strong>LEIA MAIS<\/strong>:&nbsp;<a href=\"https:\/\/www.clickpb.com.br\/televisao\/ney-matogrosso-lamenta-por-regina-duarte-assumir-secretaria-pessimo-negocio-279443.html\">Ney Matogrosso lamenta por Regina Duarte assumir Secretaria: &#8220;P\u00e9ssimo neg\u00f3cio&#8221;<\/a><\/li><\/ul>\n\n\n\n<p>Desde que foi anunciada como substituta na Cultura de Roberto Alvim, demitido por parafrasear o nazista Joseph Goebbels, a atriz tem recebido uma enxurrada de cr\u00edticas nas redes sociais. Os ataques partem de apoiadores de Bolsonaro que n\u00e3o gostaram de demiss\u00f5es da pasta de integrantes do movimento conservador.<\/p>\n","protected":false},"excerpt":{"rendered":"<p>O Planalto anulou a nomea\u00e7\u00e3o de Maria Do Carmo Brant de Carvalho, escolhida por Regina Duarte para trabalhar com ela na secretaria especial de Cultura.&hellip; <\/p>\n","protected":false},"author":2,"featured_media":157225,"comment_status":"closed","ping_status":"closed","sticky":false,"template":"","format":"standard","meta":{"sfsi_plus_gutenberg_text_before_share":"","sfsi_plus_gutenberg_show_text_before_share":"","sfsi_plus_gutenberg_icon_type":"","sfsi_plus_gutenberg_icon_alignemt":"","sfsi_plus_gutenburg_max_per_row":"","footnotes":""},"categories":[2],"tags":[],"class_list":["post-157224","post","type-post","status-publish","format-standard","has-post-thumbnail","hentry","category-geral"],"_links":{"self":[{"href":"https:\/\/www.caririemacao.com\/1\/wp-json\/wp\/v2\/posts\/157224","targetHints":{"allow":["GET"]}}],"collection":[{"href":"https:\/\/www.caririemacao.com\/1\/wp-json\/wp\/v2\/posts"}],"about":[{"href":"https:\/\/www.caririemacao.com\/1\/wp-json\/wp\/v2\/types\/post"}],"author":[{"embeddable":true,"href":"https:\/\/www.caririemacao.com\/1\/wp-json\/wp\/v2\/users\/2"}],"replies":[{"embeddable":true,"href":"https:\/\/www.caririemacao.com\/1\/wp-json\/wp\/v2\/comments?post=157224"}],"version-history":[{"count":1,"href":"https:\/\/www.caririemacao.com\/1\/wp-json\/wp\/v2\/posts\/157224\/revisions"}],"predecessor-version":[{"id":157226,"href":"https:\/\/www.caririemacao.com\/1\/wp-json\/wp\/v2\/posts\/157224\/revisions\/157226"}],"wp:featuredmedia":[{"embeddable":true,"href":"https:\/\/www.caririemacao.com\/1\/wp-json\/wp\/v2\/media\/157225"}],"wp:attachment":[{"href":"https:\/\/www.caririemacao.com\/1\/wp-json\/wp\/v2\/media?parent=157224"}],"wp:term":[{"taxonomy":"category","embeddable":true,"href":"https:\/\/www.caririemacao.com\/1\/wp-json\/wp\/v2\/categories?post=157224"},{"taxonomy":"post_tag","embeddable":true,"href":"https:\/\/www.caririemacao.com\/1\/wp-json\/wp\/v2\/tags?post=157224"}],"curies":[{"name":"wp","href":"https:\/\/api.w.org\/{rel}","templated":true}]}}