{"id":157241,"date":"2020-03-10T12:33:37","date_gmt":"2020-03-10T15:33:37","guid":{"rendered":"http:\/\/www.caririemacao.com\/1\/?p=157241"},"modified":"2020-03-10T12:33:39","modified_gmt":"2020-03-10T15:33:39","slug":"idosos-serao-os-primeiros-a-receber-vacina-contra-gripe","status":"publish","type":"post","link":"https:\/\/www.caririemacao.com\/1\/2020\/03\/10\/idosos-serao-os-primeiros-a-receber-vacina-contra-gripe\/","title":{"rendered":"Idosos ser\u00e3o os primeiros a receber vacina contra gripe"},"content":{"rendered":"\n<p>O Minist\u00e9rio da Sa\u00fade inverteu a ordem de p\u00fablico-alvo da Campanha Nacional de Vacina\u00e7\u00e3o contra Influenza. Primeiro, ser\u00e3o vacinados os idosos e os trabalhadores de sa\u00fade, que atuam na linha de frente do atendimento \u00e0 popula\u00e7\u00e3o. A decis\u00e3o da pasta \u00e9 mais uma medida de prote\u00e7\u00e3o a esses p\u00fablicos, em especial aos idosos, j\u00e1 que a vacina \u00e9 uma prote\u00e7\u00e3o aos quadros de doen\u00e7as respirat\u00f3rias mais comuns, que dependendo da gravidade pode levar a \u00f3bito. Outra preocupa\u00e7\u00e3o \u00e9 evitar que as pessoas acima de 60 anos, p\u00fablico mais vulner\u00e1vel ao coronav\u00edrus, precise fazer deslocamentos no per\u00edodo esperado de prov\u00e1vel circula\u00e7\u00e3o do v\u00edrus, no pa\u00eds. A primeira fase da campanha come\u00e7a no dia 23 de mar\u00e7o, em todo o Brasil.<\/p>\n\n\n\n<p>A prioriza\u00e7\u00e3o dos idosos nessa primeira etapa, mesmo diante da n\u00e3o efic\u00e1cia da vacina de Influenza contra o coronav\u00edrus, \u00e9 uma forma de auxiliar os profissionais de sa\u00fade a descartarem as influenzas na triagem e acelerarem o diagn\u00f3stico para a Covid 19. Al\u00e9m disso, a pasta considera os estudos e dados que apontam que casos mais graves de infec\u00e7\u00e3o por coronav\u00edrus t\u00eam sido registrados em pessoas acima de 60 anos.<\/p>\n\n\n\n<p>\u201cPrecisamos proteger os mais vulner\u00e1veis e os que est\u00e3o na linha de frente no atendimento. \u00c9 importante garantir que essas pessoas tenham acesso \u00e0 informa\u00e7\u00e3o para evitar filas nos postos de sa\u00fade. Nosso desafio \u00e9 realizar a campanha com seguran\u00e7a e evitar aglomera\u00e7\u00f5es. O Programa Nacional de Imuniza\u00e7\u00f5es do Brasil (PNI) est\u00e1 preparado\u201d, explicou o secret\u00e1rio em Vigil\u00e2ncia e Sa\u00fade do Minist\u00e9rio da Sa\u00fade, Wanderson de Oliveira.<\/p>\n\n\n\n<p>Do ponto de vista epidemiol\u00f3gico, as crian\u00e7as s\u00e3o consideradas multiplicadoras de v\u00edrus respirat\u00f3rios e, por isso, o PNI distanciou um p\u00fablico do outro. Ser\u00e3o duas semanas de intervalo entre uma fase e outra. Na segunda fase da campanha, que come\u00e7a dia 16 de abril, entram os professores, profissionais das for\u00e7as de seguran\u00e7a e salvamento, al\u00e9m da previs\u00e3o de incluir j\u00e1 nessa fase os doentes cr\u00f4nicos.<\/p>\n\n\n\n<p>A partir de 9 de maio, Dia D de vacina\u00e7\u00e3o, ser\u00e3o vacinadas as crian\u00e7as menores de seis meses e menores de seis anos, pessoas com mais de 55 anos, gestantes, m\u00e3es no p\u00f3s-parto, popula\u00e7\u00e3o ind\u00edgena e portadores de condi\u00e7\u00f5es especiais. A campanha seguir\u00e1 at\u00e9 o dia 23 de maio.<\/p>\n","protected":false},"excerpt":{"rendered":"<p>O Minist\u00e9rio da Sa\u00fade inverteu a ordem de p\u00fablico-alvo da Campanha Nacional de Vacina\u00e7\u00e3o contra Influenza. Primeiro, ser\u00e3o vacinados os idosos e os trabalhadores de&hellip; <\/p>\n","protected":false},"author":2,"featured_media":155537,"comment_status":"closed","ping_status":"closed","sticky":false,"template":"","format":"standard","meta":{"sfsi_plus_gutenberg_text_before_share":"","sfsi_plus_gutenberg_show_text_before_share":"","sfsi_plus_gutenberg_icon_type":"","sfsi_plus_gutenberg_icon_alignemt":"","sfsi_plus_gutenburg_max_per_row":"","footnotes":""},"categories":[50,16],"tags":[],"class_list":["post-157241","post","type-post","status-publish","format-standard","has-post-thumbnail","hentry","category-destaque","category-saude"],"_links":{"self":[{"href":"https:\/\/www.caririemacao.com\/1\/wp-json\/wp\/v2\/posts\/157241","targetHints":{"allow":["GET"]}}],"collection":[{"href":"https:\/\/www.caririemacao.com\/1\/wp-json\/wp\/v2\/posts"}],"about":[{"href":"https:\/\/www.caririemacao.com\/1\/wp-json\/wp\/v2\/types\/post"}],"author":[{"embeddable":true,"href":"https:\/\/www.caririemacao.com\/1\/wp-json\/wp\/v2\/users\/2"}],"replies":[{"embeddable":true,"href":"https:\/\/www.caririemacao.com\/1\/wp-json\/wp\/v2\/comments?post=157241"}],"version-history":[{"count":1,"href":"https:\/\/www.caririemacao.com\/1\/wp-json\/wp\/v2\/posts\/157241\/revisions"}],"predecessor-version":[{"id":157242,"href":"https:\/\/www.caririemacao.com\/1\/wp-json\/wp\/v2\/posts\/157241\/revisions\/157242"}],"wp:featuredmedia":[{"embeddable":true,"href":"https:\/\/www.caririemacao.com\/1\/wp-json\/wp\/v2\/media\/155537"}],"wp:attachment":[{"href":"https:\/\/www.caririemacao.com\/1\/wp-json\/wp\/v2\/media?parent=157241"}],"wp:term":[{"taxonomy":"category","embeddable":true,"href":"https:\/\/www.caririemacao.com\/1\/wp-json\/wp\/v2\/categories?post=157241"},{"taxonomy":"post_tag","embeddable":true,"href":"https:\/\/www.caririemacao.com\/1\/wp-json\/wp\/v2\/tags?post=157241"}],"curies":[{"name":"wp","href":"https:\/\/api.w.org\/{rel}","templated":true}]}}