{"id":157245,"date":"2020-03-10T12:34:43","date_gmt":"2020-03-10T15:34:43","guid":{"rendered":"http:\/\/www.caririemacao.com\/1\/?p=157245"},"modified":"2020-03-10T12:34:45","modified_gmt":"2020-03-10T15:34:45","slug":"volume-do-acude-de-boqueirao-aumenta-com-as-chuvas-na-paraiba","status":"publish","type":"post","link":"https:\/\/www.caririemacao.com\/1\/2020\/03\/10\/volume-do-acude-de-boqueirao-aumenta-com-as-chuvas-na-paraiba\/","title":{"rendered":"Volume do A\u00e7ude de Boqueir\u00e3o aumenta com as chuvas na Para\u00edba"},"content":{"rendered":"\n<p>O diretor da Ag\u00eancia Executiva de Gest\u00e3o das \u00c1guas do Estado da Para\u00edba (Aesa), Porf\u00edrio Loureiro, falou durante entrevista concedida a uma emissora de r\u00e1dio campinense nesta ter\u00e7a-feira (10) sobre o A\u00e7ude Epit\u00e1cio Pessoa, que fica localizado no munic\u00edpio de Boqueir\u00e3o.<\/p>\n\n\n\n<p>De acordo com Porf\u00edrio, o a\u00e7ude tem registrado um aporte de 127 milh\u00f5es de metros c\u00fabicos, o que equivale a 27,35% da capacidade total.<\/p>\n\n\n\n<p>\u2013 Hoje estamos com a vaz\u00e3o de 1,56 metros c\u00fabicos por segundo. Estamos acumulando esta \u00e1gua no A\u00e7ude de Camala\u00fa, que se encontra com 45% da sua capacidade. Estamos liberando a partir de Camala\u00fa 800 litros por segundo para seguir para o A\u00e7ude de Boqueir\u00e3o.&nbsp; Devido a todas essas chuvas ocorridas na Bacia Hidrogr\u00e1fica do Rio Para\u00edba, com suporte da Transposi\u00e7\u00e3o, essas \u00e1guas est\u00e3o entrando no A\u00e7ude de Boqueir\u00e3o que amanheceu hoje com 127 milh\u00f5es- disse.<\/p>\n","protected":false},"excerpt":{"rendered":"<p>O diretor da Ag\u00eancia Executiva de Gest\u00e3o das \u00c1guas do Estado da Para\u00edba (Aesa), Porf\u00edrio Loureiro, falou durante entrevista concedida a uma emissora de r\u00e1dio&hellip; <\/p>\n","protected":false},"author":2,"featured_media":157246,"comment_status":"closed","ping_status":"closed","sticky":false,"template":"","format":"standard","meta":{"sfsi_plus_gutenberg_text_before_share":"","sfsi_plus_gutenberg_show_text_before_share":"","sfsi_plus_gutenberg_icon_type":"","sfsi_plus_gutenberg_icon_alignemt":"","sfsi_plus_gutenburg_max_per_row":"","footnotes":""},"categories":[6],"tags":[],"class_list":["post-157245","post","type-post","status-publish","format-standard","has-post-thumbnail","hentry","category-cidades"],"_links":{"self":[{"href":"https:\/\/www.caririemacao.com\/1\/wp-json\/wp\/v2\/posts\/157245","targetHints":{"allow":["GET"]}}],"collection":[{"href":"https:\/\/www.caririemacao.com\/1\/wp-json\/wp\/v2\/posts"}],"about":[{"href":"https:\/\/www.caririemacao.com\/1\/wp-json\/wp\/v2\/types\/post"}],"author":[{"embeddable":true,"href":"https:\/\/www.caririemacao.com\/1\/wp-json\/wp\/v2\/users\/2"}],"replies":[{"embeddable":true,"href":"https:\/\/www.caririemacao.com\/1\/wp-json\/wp\/v2\/comments?post=157245"}],"version-history":[{"count":1,"href":"https:\/\/www.caririemacao.com\/1\/wp-json\/wp\/v2\/posts\/157245\/revisions"}],"predecessor-version":[{"id":157247,"href":"https:\/\/www.caririemacao.com\/1\/wp-json\/wp\/v2\/posts\/157245\/revisions\/157247"}],"wp:featuredmedia":[{"embeddable":true,"href":"https:\/\/www.caririemacao.com\/1\/wp-json\/wp\/v2\/media\/157246"}],"wp:attachment":[{"href":"https:\/\/www.caririemacao.com\/1\/wp-json\/wp\/v2\/media?parent=157245"}],"wp:term":[{"taxonomy":"category","embeddable":true,"href":"https:\/\/www.caririemacao.com\/1\/wp-json\/wp\/v2\/categories?post=157245"},{"taxonomy":"post_tag","embeddable":true,"href":"https:\/\/www.caririemacao.com\/1\/wp-json\/wp\/v2\/tags?post=157245"}],"curies":[{"name":"wp","href":"https:\/\/api.w.org\/{rel}","templated":true}]}}