{"id":157266,"date":"2020-03-10T13:29:43","date_gmt":"2020-03-10T16:29:43","guid":{"rendered":"http:\/\/www.caririemacao.com\/1\/?p=157266"},"modified":"2020-03-10T13:29:45","modified_gmt":"2020-03-10T16:29:45","slug":"bolsonaro-diz-que-questao-do-coronavirus-e-muito-mais-fantasia","status":"publish","type":"post","link":"https:\/\/www.caririemacao.com\/1\/2020\/03\/10\/bolsonaro-diz-que-questao-do-coronavirus-e-muito-mais-fantasia\/","title":{"rendered":"Bolsonaro diz que &#8216;quest\u00e3o do coronav\u00edrus&#8217; \u00e9 &#8216;muito mais fantasia&#8217;"},"content":{"rendered":"\n<p>O presidente Jair Bolsonaro disse nesta ter\u00e7a-feira (10), durante um discurso em um evento em Miami, nos Estados Unidos, que a &#8220;quest\u00e3o do coronav\u00edrus&#8221; n\u00e3o \u00e9 &#8220;isso tudo&#8221; e se trata muito mais de uma &#8220;fantasia&#8221; propagada pela m\u00eddia no mundo todo.<\/p>\n\n\n\n<p>O Covid-19, infec\u00e7\u00e3o causada pelo novo coronav\u00edrus, j\u00e1 causou mais de 4 mil mortes em todo o mundo, segundo levantamento da universidade norte-americana Johns Hopkins. 77% do total das v\u00edtimas (3.140) era oriunda da China.<\/p>\n\n\n\n<p>&#8220;Obviamente temos no momento uma crise, uma pequena crise. No meu entender, muito mais fantasia, a quest\u00e3o do coronav\u00edrus, que n\u00e3o \u00e9 isso tudo que a grande m\u00eddia propala ou propaga pelo mundo todo&#8221;, afirmou o presidente.<\/p>\n","protected":false},"excerpt":{"rendered":"<p>O presidente Jair Bolsonaro disse nesta ter\u00e7a-feira (10), durante um discurso em um evento em Miami, nos Estados Unidos, que a &#8220;quest\u00e3o do coronav\u00edrus&#8221; n\u00e3o&hellip; <\/p>\n","protected":false},"author":2,"featured_media":157235,"comment_status":"closed","ping_status":"closed","sticky":false,"template":"","format":"standard","meta":{"sfsi_plus_gutenberg_text_before_share":"","sfsi_plus_gutenberg_show_text_before_share":"","sfsi_plus_gutenberg_icon_type":"","sfsi_plus_gutenberg_icon_alignemt":"","sfsi_plus_gutenburg_max_per_row":"","footnotes":""},"categories":[11],"tags":[],"class_list":["post-157266","post","type-post","status-publish","format-standard","has-post-thumbnail","hentry","category-politica"],"_links":{"self":[{"href":"https:\/\/www.caririemacao.com\/1\/wp-json\/wp\/v2\/posts\/157266","targetHints":{"allow":["GET"]}}],"collection":[{"href":"https:\/\/www.caririemacao.com\/1\/wp-json\/wp\/v2\/posts"}],"about":[{"href":"https:\/\/www.caririemacao.com\/1\/wp-json\/wp\/v2\/types\/post"}],"author":[{"embeddable":true,"href":"https:\/\/www.caririemacao.com\/1\/wp-json\/wp\/v2\/users\/2"}],"replies":[{"embeddable":true,"href":"https:\/\/www.caririemacao.com\/1\/wp-json\/wp\/v2\/comments?post=157266"}],"version-history":[{"count":1,"href":"https:\/\/www.caririemacao.com\/1\/wp-json\/wp\/v2\/posts\/157266\/revisions"}],"predecessor-version":[{"id":157267,"href":"https:\/\/www.caririemacao.com\/1\/wp-json\/wp\/v2\/posts\/157266\/revisions\/157267"}],"wp:featuredmedia":[{"embeddable":true,"href":"https:\/\/www.caririemacao.com\/1\/wp-json\/wp\/v2\/media\/157235"}],"wp:attachment":[{"href":"https:\/\/www.caririemacao.com\/1\/wp-json\/wp\/v2\/media?parent=157266"}],"wp:term":[{"taxonomy":"category","embeddable":true,"href":"https:\/\/www.caririemacao.com\/1\/wp-json\/wp\/v2\/categories?post=157266"},{"taxonomy":"post_tag","embeddable":true,"href":"https:\/\/www.caririemacao.com\/1\/wp-json\/wp\/v2\/tags?post=157266"}],"curies":[{"name":"wp","href":"https:\/\/api.w.org\/{rel}","templated":true}]}}