{"id":157269,"date":"2020-03-10T13:30:57","date_gmt":"2020-03-10T16:30:57","guid":{"rendered":"http:\/\/www.caririemacao.com\/1\/?p=157269"},"modified":"2020-03-10T13:30:58","modified_gmt":"2020-03-10T16:30:58","slug":"guedes-traca-plano-para-enfrentar-efeitos-da-crise-no-brasil-2","status":"publish","type":"post","link":"https:\/\/www.caririemacao.com\/1\/2020\/03\/10\/guedes-traca-plano-para-enfrentar-efeitos-da-crise-no-brasil-2\/","title":{"rendered":"Guedes tra\u00e7a plano para enfrentar efeitos da crise no Brasil"},"content":{"rendered":"\n<p>O plano conjunto do governo para enfrentar os efeitos da turbul\u00eancia global inclui a acelera\u00e7\u00e3o da agenda de reformas, atua\u00e7\u00f5es do Banco Central para conter o d\u00f3lar e desenferrujar o canal de cr\u00e9dito e o refor\u00e7o dos bancos p\u00fablicos (Caixa e Banco do Brasil) em linhas de socorro a empresas e fam\u00edlias.<\/p>\n\n\n\n<p>Como resposta \u00e0 crise, o ministro da Economia, Paulo Guedes, quer &#8220;blindar&#8221; os projetos priorit\u00e1rios e destravar as negocia\u00e7\u00f5es pol\u00edticas para as reformas emperradas at\u00e9 agora pelo embate em torno das regras do Or\u00e7amento de 2020.<\/p>\n\n\n\n<p>Em reuni\u00e3o com todo o primeiro escal\u00e3o da equipe econ\u00f4mica, na manh\u00e3 de ontem, Guedes deixou claro que n\u00e3o tem &#8220;plano B&#8221; para a economia e que a estrat\u00e9gia \u00e9 seguir com o plano inicial j\u00e1 tra\u00e7ado e aproveitar o ventos internacionais desfavor\u00e1veis para &#8220;aprofund\u00e1-lo&#8221;.<\/p>\n\n\n\n<p>&#8220;N\u00e3o tem caminho sem as reformas&#8221;, orientou aos seus principais auxiliares. Foi uma resposta \u00e0 press\u00e3o de fora da equipe econ\u00f4mica paro o governo dar est\u00edmulo fiscal e mudar o teto de gasto, regra que impede que as despesas aumentem em ritmo superior \u00e0 infla\u00e7\u00e3o.<\/p>\n\n\n\n<p>Em entrevista ao chegar ao minist\u00e9rio da Economia, procurou passar uma mensagem de tranquilidade justamente no momento de maior tens\u00e3o com a derrocada do pre\u00e7o do petr\u00f3leo, ap\u00f3s a Ar\u00e1bia Saudita anunciar aumento de produ\u00e7\u00e3o em retalia\u00e7\u00e3o \u00e0 R\u00fassia. &#8220;N\u00f3s estamos absolutamente tranquilos, a equipe de economia est\u00e1 tranquila. \u00c9 uma equipe serena, experiente. J\u00e1 vivemos isso v\u00e1rias vezes. Conhecemos isso. Sabemos lidar com isso. Estamos absolutamente tranquilos, serenos. Ent\u00e3o, \u00e9 hora de justamente termos uma atitude construtiva. Os tr\u00eas poderes, com serenidade, cada um resolvendo a sua parte&#8221;, disse.<\/p>\n\n\n\n<p>Guedes acionou tamb\u00e9m o presidente Jair Bolsonaro, que estava em viagem aos Estados Unidos, sobre a import\u00e2ncia nesse momento de enviar as propostas de reforma administrativa &#8212; que reformula o RH do Estado &#8212; e o projeto de reforma tribut\u00e1ria do PIS\/Cofins. Em resposta, o presidente declarou que era leal \u00e0 pol\u00edtica liberal de Guedes. Mais tarde, pelo Twitter, Bolsonaro descartou aumento da Cide combust\u00edvel como forma de compensar a perda na arrecada\u00e7\u00e3o com a queda abrupta no pre\u00e7o do petr\u00f3leo. A medida foi cogitada por especialistas.<\/p>\n\n\n\n<p>Ao longo do dia, Guedes manteve tamb\u00e9m contato com o presidente do BC, Roberto Campos Neto, que de S\u00e3o Paulo comandou a rea\u00e7\u00e3o do governo pela frente financeira dos mercados de c\u00e2mbio e juros. Logo cedo, o diretor de Pol\u00edtica Monet\u00e1ria, Bruno Serra, deu o &#8220;mapa&#8221; da rea\u00e7\u00e3o do BC ao tsunami internacional, que chegou ao Brasil j\u00e1 na noite de domingo.<\/p>\n\n\n\n<p>O diretor avisou que o BC iria usar todos os diferentes instrumentos de atua\u00e7\u00e3o no mercado de c\u00e2mbio em resposta ao choque externo: contratos de swaps e venda de d\u00f3lares no mercado \u00e0 vista. O que chamou aten\u00e7\u00e3o do mercado foi a possibilidade de libera\u00e7\u00e3o de mais dep\u00f3sitos compuls\u00f3rios, recursos que os bancos s\u00e3o obrigados a deixar no BC. Uma primeira libera\u00e7\u00e3o j\u00e1 havia sido anunciada, mas ainda n\u00e3o entrou em vigor. Serra disse que o BC tem todo o arcabou\u00e7o de regula\u00e7\u00e3o prudencial para ser acionado em caso de necessidade, al\u00e9m de um volume pr\u00f3ximo de R$ 380 bilh\u00f5es em compuls\u00f3rios. Fontes do BC disseram ao Estado que o recado estava dado.<\/p>\n\n\n\n<p><strong>Bancos P\u00fablicos<\/strong><br><\/p>\n\n\n\n<p>Numa terceira frente de a\u00e7\u00e3o, o Banco do Brasil e a Caixa Econ\u00f4mica Federal anunciaram que v\u00e3o refor\u00e7ar suas linhas de cr\u00e9dito para fazer frente \u00e0 turbul\u00eancia dos mercados globais. O presidente do Banco do Brasil, Rubem Novaes, acenou com o refor\u00e7o na oferta de linhas de cr\u00e9dito para atender a necessidade de capital de giro das empresas. Novaes disse que o BB est\u00e1 preparado para ser a &#8220;ponte&#8221; necess\u00e1ria para os nossos clientes e empreendedores nos momentos de volatilidade e de necessidade de capital de giro.<\/p>\n\n\n\n<p>O presidente da Caixa, Pedro Guimar\u00e3es, antecipou ao Estado que o banco vai refor\u00e7ar as linhas de cr\u00e9dito para pessoa f\u00edsica e empresas, principalmente as do setor imobili\u00e1rio. &#8220;\u00c9 uma quest\u00e3o absolutamente tempor\u00e1ria e teremos refor\u00e7o em especial nas linhas que temos foco, na parte das pequenas empresas, do cr\u00e9dito para pessoa f\u00edsica&#8221;, disse ele.<\/p>\n\n\n\n<p>Em meio \u00e0 turbul\u00eancia, o presidente da C\u00e2mara, Rodrigo Maia, cobrou de Guedes o envio as propostas de reforma administrativa e tribut\u00e1ria ao Congresso. &#8220;Acho que o governo precisa comandar esse processo, deixar claro para todos os atores da sociedade, para os outros dois Poderes, o que ele pensa sobre a crise e a forma que a gente pode ajudar.&#8221; Maia disse que o governo precisar\u00e1 de outras a\u00e7\u00f5es al\u00e9m das reformas para enfrentar a atual crise. Ele n\u00e3o quis especificar quais seriam essas a\u00e7\u00f5es. Na equipe econ\u00f4mica, a preocupa\u00e7\u00e3o maior continua sendo com as articula\u00e7\u00f5es com o Congresso, que continuam delicadas. (Colaboraram Amanda Pupo, Idiana Tomazelli e Camilla Turtelli).<\/p>\n","protected":false},"excerpt":{"rendered":"<p>O plano conjunto do governo para enfrentar os efeitos da turbul\u00eancia global inclui a acelera\u00e7\u00e3o da agenda de reformas, atua\u00e7\u00f5es do Banco Central para conter&hellip; <\/p>\n","protected":false},"author":2,"featured_media":156523,"comment_status":"closed","ping_status":"closed","sticky":false,"template":"","format":"standard","meta":{"sfsi_plus_gutenberg_text_before_share":"","sfsi_plus_gutenberg_show_text_before_share":"","sfsi_plus_gutenberg_icon_type":"","sfsi_plus_gutenberg_icon_alignemt":"","sfsi_plus_gutenburg_max_per_row":"","footnotes":""},"categories":[11],"tags":[],"class_list":["post-157269","post","type-post","status-publish","format-standard","has-post-thumbnail","hentry","category-politica"],"_links":{"self":[{"href":"https:\/\/www.caririemacao.com\/1\/wp-json\/wp\/v2\/posts\/157269","targetHints":{"allow":["GET"]}}],"collection":[{"href":"https:\/\/www.caririemacao.com\/1\/wp-json\/wp\/v2\/posts"}],"about":[{"href":"https:\/\/www.caririemacao.com\/1\/wp-json\/wp\/v2\/types\/post"}],"author":[{"embeddable":true,"href":"https:\/\/www.caririemacao.com\/1\/wp-json\/wp\/v2\/users\/2"}],"replies":[{"embeddable":true,"href":"https:\/\/www.caririemacao.com\/1\/wp-json\/wp\/v2\/comments?post=157269"}],"version-history":[{"count":1,"href":"https:\/\/www.caririemacao.com\/1\/wp-json\/wp\/v2\/posts\/157269\/revisions"}],"predecessor-version":[{"id":157270,"href":"https:\/\/www.caririemacao.com\/1\/wp-json\/wp\/v2\/posts\/157269\/revisions\/157270"}],"wp:featuredmedia":[{"embeddable":true,"href":"https:\/\/www.caririemacao.com\/1\/wp-json\/wp\/v2\/media\/156523"}],"wp:attachment":[{"href":"https:\/\/www.caririemacao.com\/1\/wp-json\/wp\/v2\/media?parent=157269"}],"wp:term":[{"taxonomy":"category","embeddable":true,"href":"https:\/\/www.caririemacao.com\/1\/wp-json\/wp\/v2\/categories?post=157269"},{"taxonomy":"post_tag","embeddable":true,"href":"https:\/\/www.caririemacao.com\/1\/wp-json\/wp\/v2\/tags?post=157269"}],"curies":[{"name":"wp","href":"https:\/\/api.w.org\/{rel}","templated":true}]}}