{"id":157278,"date":"2020-03-10T13:34:38","date_gmt":"2020-03-10T16:34:38","guid":{"rendered":"http:\/\/www.caririemacao.com\/1\/?p=157278"},"modified":"2020-03-10T13:34:41","modified_gmt":"2020-03-10T16:34:41","slug":"deputado-federal-frei-anastacio-destina-emenda-parlamentar-para-o-cdsa","status":"publish","type":"post","link":"https:\/\/www.caririemacao.com\/1\/2020\/03\/10\/deputado-federal-frei-anastacio-destina-emenda-parlamentar-para-o-cdsa\/","title":{"rendered":"Deputado federal Frei Anast\u00e1cio destina emenda parlamentar para o CDSA"},"content":{"rendered":"\n<p>O deputado federal pela Para\u00edba, Frei Anast\u00e1cio, esteve na tarde desta segunda-feira, 9 de mar\u00e7o, no Centro de Desenvolvimento Sustent\u00e1vel do Semi\u00e1rido da Universidade Federal de Campina Grande, para entrega de of\u00edcio da emenda parlamentar no valor de R$ 450&nbsp;mil, de sua autoria, destinada ao Campus Sum\u00e9\/CDSA.<\/p>\n\n\n\n<p>De acordo com o diretor do CDSA, Hugo Morais de Alc\u00e2ntara, \u201ca emenda \u00e9 destinada a apoiar as obras de infraestrutura que o Centro necessita, como a constru\u00e7\u00e3o do gin\u00e1sio poliesportivo, de passarelas cobertas, do Centro de Conviv\u00eancia e de uma miniusina de gera\u00e7\u00e3o de energia solar\u201d.<\/p>\n\n\n\n<p>\u201cRealizamos reuni\u00f5es&nbsp;com os conselhos do Centro (CEPE e CONSAD) e a Ger\u00eancia Administrativo-Financeira do CDSA, para que as unidades acad\u00eamicas e outros setores pudessem indicar o posicionamento para a destina\u00e7\u00e3o dos recursos entre estas obras\u201d, disse o diretor. \u201cAlgumas unidades e setores j\u00e1 indicaram o Centro de Conviv\u00eancia, outros a miniusina de gera\u00e7\u00e3o de energia solar\u201d.<\/p>\n\n\n\n<p>\u201cEstamos priorizando emendas impositivas para as \u00e1reas de educa\u00e7\u00e3o e sa\u00fade. \u00c9 gratificante atendermos essas \u00e1reas\u201d, disse Anast\u00e1cio.<\/p>\n\n\n\n<p>O deputado Frei Anast\u00e1cio, acompanhado de seus assessores foi recebido pelos professores Tiago Gon\u00e7alves Pereira Ara\u00fajo e Allan Gustavo Freire da Silva, representando a Dire\u00e7\u00e3o de Centro. Outros professores e servidores t\u00e9cnico-administrativos tamb\u00e9m participaram da reuni\u00e3o para entrega da emenda&nbsp;pelo deputado.<\/p>\n\n\n\n<p>Assimp CDSA\/UFCG<\/p>\n","protected":false},"excerpt":{"rendered":"<p>O deputado federal pela Para\u00edba, Frei Anast\u00e1cio, esteve na tarde desta segunda-feira, 9 de mar\u00e7o, no Centro de Desenvolvimento Sustent\u00e1vel do Semi\u00e1rido da Universidade Federal&hellip; <\/p>\n","protected":false},"author":2,"featured_media":157279,"comment_status":"closed","ping_status":"closed","sticky":false,"template":"","format":"standard","meta":{"sfsi_plus_gutenberg_text_before_share":"","sfsi_plus_gutenberg_show_text_before_share":"","sfsi_plus_gutenberg_icon_type":"","sfsi_plus_gutenberg_icon_alignemt":"","sfsi_plus_gutenburg_max_per_row":"","footnotes":""},"categories":[14],"tags":[],"class_list":["post-157278","post","type-post","status-publish","format-standard","has-post-thumbnail","hentry","category-educacao"],"_links":{"self":[{"href":"https:\/\/www.caririemacao.com\/1\/wp-json\/wp\/v2\/posts\/157278","targetHints":{"allow":["GET"]}}],"collection":[{"href":"https:\/\/www.caririemacao.com\/1\/wp-json\/wp\/v2\/posts"}],"about":[{"href":"https:\/\/www.caririemacao.com\/1\/wp-json\/wp\/v2\/types\/post"}],"author":[{"embeddable":true,"href":"https:\/\/www.caririemacao.com\/1\/wp-json\/wp\/v2\/users\/2"}],"replies":[{"embeddable":true,"href":"https:\/\/www.caririemacao.com\/1\/wp-json\/wp\/v2\/comments?post=157278"}],"version-history":[{"count":1,"href":"https:\/\/www.caririemacao.com\/1\/wp-json\/wp\/v2\/posts\/157278\/revisions"}],"predecessor-version":[{"id":157280,"href":"https:\/\/www.caririemacao.com\/1\/wp-json\/wp\/v2\/posts\/157278\/revisions\/157280"}],"wp:featuredmedia":[{"embeddable":true,"href":"https:\/\/www.caririemacao.com\/1\/wp-json\/wp\/v2\/media\/157279"}],"wp:attachment":[{"href":"https:\/\/www.caririemacao.com\/1\/wp-json\/wp\/v2\/media?parent=157278"}],"wp:term":[{"taxonomy":"category","embeddable":true,"href":"https:\/\/www.caririemacao.com\/1\/wp-json\/wp\/v2\/categories?post=157278"},{"taxonomy":"post_tag","embeddable":true,"href":"https:\/\/www.caririemacao.com\/1\/wp-json\/wp\/v2\/tags?post=157278"}],"curies":[{"name":"wp","href":"https:\/\/api.w.org\/{rel}","templated":true}]}}