{"id":157290,"date":"2020-03-10T15:04:49","date_gmt":"2020-03-10T18:04:49","guid":{"rendered":"http:\/\/www.caririemacao.com\/1\/?p=157290"},"modified":"2020-03-10T15:04:52","modified_gmt":"2020-03-10T18:04:52","slug":"a-20-dias-do-fim-do-prazo-37-ainda-nao-sacaram-grana-do-fgts","status":"publish","type":"post","link":"https:\/\/www.caririemacao.com\/1\/2020\/03\/10\/a-20-dias-do-fim-do-prazo-37-ainda-nao-sacaram-grana-do-fgts\/","title":{"rendered":"A 20 dias do fim do prazo, 37% ainda n\u00e3o sacaram grana do FGTS"},"content":{"rendered":"\n<p>Faltando apenas mais 20 dias para o fim do prazo, mais de 37% dos 96 milh\u00f5es de trabalhadores com grana nas contas do FGTS (Fundo de Garantia por Tempo de Servi\u00e7o) ainda n\u00e3o retiraram os recursos&nbsp;<a href=\"https:\/\/noticias.r7.com\/brasil\/presidente-anuncia-liberacao-do-saque-do-fgts-assista-24072019\"><strong>liberados no ano passado pelo&nbsp;<\/strong><\/a><strong>saque imediato<\/strong>.<\/p>\n\n\n\n<p>A modalidade, que&nbsp;<strong>liberou at\u00e9 R$ 998 por conta ativa ou inativa do FGTS<\/strong>, segue disponibilizando os recursos at\u00e9 o pr\u00f3ximo dia 31 de mar\u00e7o. At\u00e9 o momento, o volume de saques totaliza R$ 27,88 bilh\u00f5es. Os valores ainda dispon\u00edveis para retirada somam R$ 14,57 bilh\u00f5es.<\/p>\n\n\n\n<p>De acordo com um levantamento da CNC (C onfedera\u00e7\u00e3o Nacional do Com\u00e9rcio), os saques imediatos do FGTS&nbsp;<strong>foram utilizados para os brasileiros pagarem pequenas d\u00edvidas e impulsionar as compras de ve\u00edculos e im\u00f3veis<\/strong>.<\/p>\n\n\n\n<p>Como o dep\u00f3sito dos recursos foi imediato somente entre os correntistas da Caixa, o restante dispon\u00edvel para saque \u00e9 para pessoas com conta corrente ou poupan\u00e7a em outros bancos. Para obter os valores, \u00e9 necess\u00e1rio autorizar o dep\u00f3sito do FGTS.<\/p>\n\n\n\n<p>A partir de abril, os trabalhadores t\u00eam tamb\u00e9m a op\u00e7\u00e3o de&nbsp;<strong>sacar o FGTS no m\u00eas de anivers\u00e1rio do titular da conta<\/strong>&nbsp;e retirar um percentual do saldo do FGTS anualmente.<\/p>\n\n\n\n<p>Nos casos dos profissionais com mais de uma conta de FGTS, ele s\u00f3 poder\u00e1 optar por uma modalidade de saque para todas: saque-rescis\u00e3o, que \u00e9 a que est\u00e1 ativa atualmente, ou o saque-anivers\u00e1rio.<\/p>\n\n\n\n<p>Ao aderir a esta modalidade, o trabalhador poder\u00e1 retirar todo ano um percentual do FGTS. No entanto, perder\u00e1 o direito ao saque dos recursos caso seja demitido sem justa causa.<\/p>\n\n\n\n<p>O calend\u00e1rio para ades\u00e3o segue o m\u00eas de anivers\u00e1rio do trabalhador. Para receber a grana, \u00e9 preciso optar pelo saque-anivers\u00e1rio at\u00e9 o \u00faltimo dia do m\u00eas do seu nascimento e fazer o cadastramento na Caixa ou pelo aplicativo do banco. A \u00fanica exce\u00e7\u00e3o \u00e9 para os aniversariantes de novembro e dezembro, que receber\u00e3o os montantes apenas no in\u00edcio de 2021.<\/p>\n","protected":false},"excerpt":{"rendered":"<p>Faltando apenas mais 20 dias para o fim do prazo, mais de 37% dos 96 milh\u00f5es de trabalhadores com grana nas contas do FGTS (Fundo&hellip; <\/p>\n","protected":false},"author":2,"featured_media":157291,"comment_status":"closed","ping_status":"closed","sticky":false,"template":"","format":"standard","meta":{"sfsi_plus_gutenberg_text_before_share":"","sfsi_plus_gutenberg_show_text_before_share":"","sfsi_plus_gutenberg_icon_type":"","sfsi_plus_gutenberg_icon_alignemt":"","sfsi_plus_gutenburg_max_per_row":"","footnotes":""},"categories":[2],"tags":[],"class_list":["post-157290","post","type-post","status-publish","format-standard","has-post-thumbnail","hentry","category-geral"],"_links":{"self":[{"href":"https:\/\/www.caririemacao.com\/1\/wp-json\/wp\/v2\/posts\/157290","targetHints":{"allow":["GET"]}}],"collection":[{"href":"https:\/\/www.caririemacao.com\/1\/wp-json\/wp\/v2\/posts"}],"about":[{"href":"https:\/\/www.caririemacao.com\/1\/wp-json\/wp\/v2\/types\/post"}],"author":[{"embeddable":true,"href":"https:\/\/www.caririemacao.com\/1\/wp-json\/wp\/v2\/users\/2"}],"replies":[{"embeddable":true,"href":"https:\/\/www.caririemacao.com\/1\/wp-json\/wp\/v2\/comments?post=157290"}],"version-history":[{"count":1,"href":"https:\/\/www.caririemacao.com\/1\/wp-json\/wp\/v2\/posts\/157290\/revisions"}],"predecessor-version":[{"id":157292,"href":"https:\/\/www.caririemacao.com\/1\/wp-json\/wp\/v2\/posts\/157290\/revisions\/157292"}],"wp:featuredmedia":[{"embeddable":true,"href":"https:\/\/www.caririemacao.com\/1\/wp-json\/wp\/v2\/media\/157291"}],"wp:attachment":[{"href":"https:\/\/www.caririemacao.com\/1\/wp-json\/wp\/v2\/media?parent=157290"}],"wp:term":[{"taxonomy":"category","embeddable":true,"href":"https:\/\/www.caririemacao.com\/1\/wp-json\/wp\/v2\/categories?post=157290"},{"taxonomy":"post_tag","embeddable":true,"href":"https:\/\/www.caririemacao.com\/1\/wp-json\/wp\/v2\/tags?post=157290"}],"curies":[{"name":"wp","href":"https:\/\/api.w.org\/{rel}","templated":true}]}}