{"id":157294,"date":"2020-03-10T15:06:16","date_gmt":"2020-03-10T18:06:16","guid":{"rendered":"http:\/\/www.caririemacao.com\/1\/?p=157294"},"modified":"2020-03-10T15:06:19","modified_gmt":"2020-03-10T18:06:19","slug":"ufcg-lanca-edital-para-preencher-vagas-remanescentes-do-sisu","status":"publish","type":"post","link":"https:\/\/www.caririemacao.com\/1\/2020\/03\/10\/ufcg-lanca-edital-para-preencher-vagas-remanescentes-do-sisu\/","title":{"rendered":"UFCG lan\u00e7a edital para preencher vagas remanescentes do Sisu"},"content":{"rendered":"\n<p>A Universidade Federal de Campina Grande (<a href=\"https:\/\/portal.ufcg.edu.br\/\" target=\"_blank\" rel=\"noreferrer noopener\">UFCG<\/a>) lan\u00e7ou edital para o preenchimento de vagas remanescentes do Sistema de Sele\u00e7\u00e3o Unificada (<a href=\"https:\/\/sisu.mec.gov.br\/\" target=\"_blank\" rel=\"noreferrer noopener\">Sisu<\/a>), para ingresso no per\u00edodo letivo 2020.1. S\u00e3o ofertadas 107 vagas em cursos de gradua\u00e7\u00e3o distribu\u00eddos em cinco campi da institui\u00e7\u00e3o: Campina Grande, Cuit\u00e9, Patos, Pombal e Sum\u00e9. Confira as vagas dispon\u00edveis e outras informa\u00e7\u00f5es no&nbsp;<strong><a href=\"https:\/\/comprov.ufcg.edu.br\/phocadownload\/userupload\/graduacao\/vagas-remanescentes2020\/Edital%20PRE%20No%2003.2020%20-%20Processo%20Seletivo%202020.1%20-%20Vagas%20Remanescentes.pdf\" target=\"_blank\" rel=\"noreferrer noopener\">edital<\/a>.<\/strong><\/p>\n\n\n\n<p>As inscri\u00e7\u00f5es s\u00e3o gratuitas e realizadas a partir das 10h do dia 10 de mar\u00e7o, prosseguindo at\u00e9 o dia 13, no site da Comiss\u00e3o de Processos Vestibulares (Comprov) \u2013&nbsp;<a href=\"http:\/\/www.comprov.ufcg.edu.br.\/\" target=\"_blank\" rel=\"noreferrer noopener\">www.comprov.ufcg.edu.br.<\/a><\/p>\n\n\n\n<p>Para participar, \u00e9 necess\u00e1rio ter realizado o Exame Nacional do Ensino M\u00e9dio (ENEM) no ano de 2019, com m\u00e9dia aritm\u00e9tica maior que 400 pontos. A sele\u00e7\u00e3o ser\u00e1 feita por meio da maior nota obtida no ENEM, por ordem de classifica\u00e7\u00e3o. O resultado ser\u00e1 publicado a partir das 15h do dia 16 de mar\u00e7o. O cadastramento e matr\u00edcula em disciplinas dos classificados acontecer\u00e3o no dia 18.<\/p>\n\n\n\n<p>Caso ainda existam vagas remanescentes ap\u00f3s a divulga\u00e7\u00e3o dos classificados, uma segunda chamada ser\u00e1 realizada no dia 19 de mar\u00e7o, com cadastramento e matr\u00edcula sendo realizados no dia 20.<\/p>\n\n\n\n<p>Com Portal Correio<\/p>\n","protected":false},"excerpt":{"rendered":"<p>A Universidade Federal de Campina Grande (UFCG) lan\u00e7ou edital para o preenchimento de vagas remanescentes do Sistema de Sele\u00e7\u00e3o Unificada (Sisu), para ingresso no per\u00edodo&hellip; <\/p>\n","protected":false},"author":2,"featured_media":148420,"comment_status":"closed","ping_status":"closed","sticky":false,"template":"","format":"standard","meta":{"sfsi_plus_gutenberg_text_before_share":"","sfsi_plus_gutenberg_show_text_before_share":"","sfsi_plus_gutenberg_icon_type":"","sfsi_plus_gutenberg_icon_alignemt":"","sfsi_plus_gutenburg_max_per_row":"","footnotes":""},"categories":[14],"tags":[],"class_list":["post-157294","post","type-post","status-publish","format-standard","has-post-thumbnail","hentry","category-educacao"],"_links":{"self":[{"href":"https:\/\/www.caririemacao.com\/1\/wp-json\/wp\/v2\/posts\/157294","targetHints":{"allow":["GET"]}}],"collection":[{"href":"https:\/\/www.caririemacao.com\/1\/wp-json\/wp\/v2\/posts"}],"about":[{"href":"https:\/\/www.caririemacao.com\/1\/wp-json\/wp\/v2\/types\/post"}],"author":[{"embeddable":true,"href":"https:\/\/www.caririemacao.com\/1\/wp-json\/wp\/v2\/users\/2"}],"replies":[{"embeddable":true,"href":"https:\/\/www.caririemacao.com\/1\/wp-json\/wp\/v2\/comments?post=157294"}],"version-history":[{"count":1,"href":"https:\/\/www.caririemacao.com\/1\/wp-json\/wp\/v2\/posts\/157294\/revisions"}],"predecessor-version":[{"id":157295,"href":"https:\/\/www.caririemacao.com\/1\/wp-json\/wp\/v2\/posts\/157294\/revisions\/157295"}],"wp:featuredmedia":[{"embeddable":true,"href":"https:\/\/www.caririemacao.com\/1\/wp-json\/wp\/v2\/media\/148420"}],"wp:attachment":[{"href":"https:\/\/www.caririemacao.com\/1\/wp-json\/wp\/v2\/media?parent=157294"}],"wp:term":[{"taxonomy":"category","embeddable":true,"href":"https:\/\/www.caririemacao.com\/1\/wp-json\/wp\/v2\/categories?post=157294"},{"taxonomy":"post_tag","embeddable":true,"href":"https:\/\/www.caririemacao.com\/1\/wp-json\/wp\/v2\/tags?post=157294"}],"curies":[{"name":"wp","href":"https:\/\/api.w.org\/{rel}","templated":true}]}}