{"id":157298,"date":"2020-03-10T23:40:04","date_gmt":"2020-03-11T02:40:04","guid":{"rendered":"http:\/\/www.caririemacao.com\/1\/?p=157298"},"modified":"2020-03-10T23:40:06","modified_gmt":"2020-03-11T02:40:06","slug":"caraubas-camara-de-vereadores-se-reune-para-apresentacao-e-aprovacao-de-requerimentos","status":"publish","type":"post","link":"https:\/\/www.caririemacao.com\/1\/2020\/03\/10\/caraubas-camara-de-vereadores-se-reune-para-apresentacao-e-aprovacao-de-requerimentos\/","title":{"rendered":"Cara\u00fabas: C\u00e2mara de Vereadores se re\u00fane para apresenta\u00e7\u00e3o e aprova\u00e7\u00e3o de requerimentos"},"content":{"rendered":"\n<p>O Poder Legislativo caraubense se reuniu na noite desta ter\u00e7a-feira (10), para mais uma sess\u00e3o ordin\u00e1ria de 2020. A reuni\u00e3o que teve \u00e0 presid\u00eancia do vereador Jos\u00e9 Franconero (Nero) e a presen\u00e7a de mais quatro vereadores: Neide, Tomaz Arquino,  Jos\u00e9 de Arimateia e F\u00e1bio Perreira. <\/p>\n\n\n\n<p>Na reuni\u00e3o foram apresentados 04 requerimentos, dois deles foram propostos pelo vereador Tomaz Arquino: requerimento de n\u00famero 001\/2020 que requer a constru\u00e7\u00e3o e recupera\u00e7\u00e3o de passagens molhadas ao longo da PB 196,no trecho que liga Cara\u00fabas ao Distrito de Barreiras. E o requerimento de n\u00famero 002\/2020 que solicita a recupera\u00e7\u00e3o e coloca\u00e7\u00e3o de cascalho em terraplanagem de trechos da PB 196 entre a cidade de Cara\u00fabas e o Distrito de Barreiras.  <\/p>\n\n\n\n<figure class=\"wp-block-image size-large\"><img fetchpriority=\"high\" decoding=\"async\" width=\"800\" height=\"533\" src=\"http:\/\/www.caririemacao.com\/1\/wp-content\/uploads\/2020\/03\/DSC_0112.jpg\" alt=\"\" class=\"wp-image-157305\" srcset=\"https:\/\/www.caririemacao.com\/1\/wp-content\/uploads\/2020\/03\/DSC_0112.jpg 800w, https:\/\/www.caririemacao.com\/1\/wp-content\/uploads\/2020\/03\/DSC_0112-300x200.jpg 300w, https:\/\/www.caririemacao.com\/1\/wp-content\/uploads\/2020\/03\/DSC_0112-768x512.jpg 768w\" sizes=\"(max-width: 800px) 100vw, 800px\" \/><\/figure>\n\n\n\n<p>Na reuni\u00e3o houve ainda a  apresenta\u00e7\u00e3o de mais 02 requerimentos propostos pelo Presidente e vereador Jos\u00e9 FrancoNero: 003\/2020 disp\u00f5e sobre a cria\u00e7\u00e3o e inclus\u00e3o no calend\u00e1rio cultural de festividades, p festival de violeiros do Cariri ocidental e d\u00e1 outras provid\u00eancias. E o requerimento de n\u00famero 004\/2020 que requer medidas administrativas quanto a regulariza\u00e7\u00e3o da tens\u00e3o de energia el\u00e9trica do Est\u00e1dio de Futebol Jos\u00e9 Valderi Neves.<\/p>\n\n\n\n<figure class=\"wp-block-image size-large\"><img decoding=\"async\" width=\"800\" height=\"533\" data-src=\"http:\/\/www.caririemacao.com\/1\/wp-content\/uploads\/2020\/03\/DSC_0135.jpg\" alt=\"\" class=\"wp-image-157306 lazyload\" data-srcset=\"https:\/\/www.caririemacao.com\/1\/wp-content\/uploads\/2020\/03\/DSC_0135.jpg 800w, https:\/\/www.caririemacao.com\/1\/wp-content\/uploads\/2020\/03\/DSC_0135-300x200.jpg 300w, https:\/\/www.caririemacao.com\/1\/wp-content\/uploads\/2020\/03\/DSC_0135-768x512.jpg 768w\" data-sizes=\"(max-width: 800px) 100vw, 800px\" src=\"data:image\/svg+xml;base64,PHN2ZyB3aWR0aD0iMSIgaGVpZ2h0PSIxIiB4bWxucz0iaHR0cDovL3d3dy53My5vcmcvMjAwMC9zdmciPjwvc3ZnPg==\" style=\"--smush-placeholder-width: 800px; --smush-placeholder-aspect-ratio: 800\/533;\" \/><\/figure>\n\n\n\n<p> No final, o presidente Nero disse que os requerimentos de n\u00famero, 001\/2020 2 o de 002\/2020 estariam aprovados, e disse que contava com o apoio dos vereadores para a aprova\u00e7\u00e3o dos requerimentos propostos por ele.  Ele ainda agradeceu e parabenizou as mulheres pelo Dia internacional das Mulheres e agradeceu a presen\u00e7a de todos. <\/p>\n","protected":false},"excerpt":{"rendered":"<p>O Poder Legislativo caraubense se reuniu na noite desta ter\u00e7a-feira (10), para mais uma sess\u00e3o ordin\u00e1ria de 2020. A reuni\u00e3o que teve \u00e0 presid\u00eancia do&hellip; <\/p>\n","protected":false},"author":1,"featured_media":157307,"comment_status":"closed","ping_status":"closed","sticky":false,"template":"","format":"standard","meta":{"sfsi_plus_gutenberg_text_before_share":"","sfsi_plus_gutenberg_show_text_before_share":"","sfsi_plus_gutenberg_icon_type":"","sfsi_plus_gutenberg_icon_alignemt":"","sfsi_plus_gutenburg_max_per_row":"","footnotes":""},"categories":[6,50],"tags":[],"class_list":["post-157298","post","type-post","status-publish","format-standard","has-post-thumbnail","hentry","category-cidades","category-destaque"],"_links":{"self":[{"href":"https:\/\/www.caririemacao.com\/1\/wp-json\/wp\/v2\/posts\/157298","targetHints":{"allow":["GET"]}}],"collection":[{"href":"https:\/\/www.caririemacao.com\/1\/wp-json\/wp\/v2\/posts"}],"about":[{"href":"https:\/\/www.caririemacao.com\/1\/wp-json\/wp\/v2\/types\/post"}],"author":[{"embeddable":true,"href":"https:\/\/www.caririemacao.com\/1\/wp-json\/wp\/v2\/users\/1"}],"replies":[{"embeddable":true,"href":"https:\/\/www.caririemacao.com\/1\/wp-json\/wp\/v2\/comments?post=157298"}],"version-history":[{"count":6,"href":"https:\/\/www.caririemacao.com\/1\/wp-json\/wp\/v2\/posts\/157298\/revisions"}],"predecessor-version":[{"id":157308,"href":"https:\/\/www.caririemacao.com\/1\/wp-json\/wp\/v2\/posts\/157298\/revisions\/157308"}],"wp:featuredmedia":[{"embeddable":true,"href":"https:\/\/www.caririemacao.com\/1\/wp-json\/wp\/v2\/media\/157307"}],"wp:attachment":[{"href":"https:\/\/www.caririemacao.com\/1\/wp-json\/wp\/v2\/media?parent=157298"}],"wp:term":[{"taxonomy":"category","embeddable":true,"href":"https:\/\/www.caririemacao.com\/1\/wp-json\/wp\/v2\/categories?post=157298"},{"taxonomy":"post_tag","embeddable":true,"href":"https:\/\/www.caririemacao.com\/1\/wp-json\/wp\/v2\/tags?post=157298"}],"curies":[{"name":"wp","href":"https:\/\/api.w.org\/{rel}","templated":true}]}}