{"id":157310,"date":"2020-03-11T07:10:18","date_gmt":"2020-03-11T10:10:18","guid":{"rendered":"http:\/\/www.caririemacao.com\/1\/?p=157310"},"modified":"2020-03-11T07:10:20","modified_gmt":"2020-03-11T10:10:20","slug":"ministerio-da-saude-planos-de-saude-serao-obrigados-a-cobrir-exame-de-coronavirus","status":"publish","type":"post","link":"https:\/\/www.caririemacao.com\/1\/2020\/03\/11\/ministerio-da-saude-planos-de-saude-serao-obrigados-a-cobrir-exame-de-coronavirus\/","title":{"rendered":"Minist\u00e9rio da Sa\u00fade: Planos de sa\u00fade ser\u00e3o obrigados a cobrir exame de coronav\u00edrus"},"content":{"rendered":"\n<p>&nbsp;A ANS (Ag\u00eancia Nacional de Sa\u00fade Suplementar) deve publicar nos pr\u00f3ximos dias uma resolu\u00e7\u00e3o que inclui exames para detectar uma poss\u00edvel infec\u00e7\u00e3o pelo coronav\u00edrus no rol de cobertura m\u00ednima obrigat\u00f3ria pelos planos de sa\u00fade.<\/p>\n\n\n\n<p>A informa\u00e7\u00e3o \u00e9 do secret\u00e1rio-executivo do Minist\u00e9rio da Sa\u00fade, Jo\u00e3o Gabbardo dos Reis. Ele comentou o tema ao ser questionado por jornalistas se cl\u00ednicas privadas podem cobrar pelo exame no atendimento a usu\u00e1rios de planos de sa\u00fade.<\/p>\n\n\n\n<p>\u201cPoderia cobrar? Poderia. Porque \u00e9 um exame novo, e n\u00e3o faz parte do rol. Mas isso [inclus\u00e3o no rol] deve acontecer imediatamente. Deve sair nos pr\u00f3ximos dias uma nova resolu\u00e7\u00e3o incluindo o exame na lista de procedimentos de cobertura obrigat\u00f3ria. No momento em que isso estiver contemplado, ningu\u00e9m poder\u00e1 ser cobrado\u201d, informou.<\/p>\n\n\n\n<p>\u201cMas at\u00e9 o momento, n\u00e3o \u00e9 irregular que haja a cobran\u00e7a.\u201d<\/p>\n\n\n\n<p>A medida ocorre em um momento em que crescem as cr\u00edticas de usu\u00e1rios de planos de sa\u00fade devido \u00e0 negativa da oferta de exames por operadoras.<\/p>\n\n\n\n<p>Questionada pela reportagem, a ANS informou que a inclus\u00e3o ocorrer\u00e1 de forma extraordin\u00e1ria, fora do protocolo habitual. Segundo a ag\u00eancia, a decis\u00e3o foi acertada em reuni\u00e3o com representantes das operadoras nesta ter\u00e7a (10).<\/p>\n\n\n\n<p>\u201cA ag\u00eancia est\u00e1 detalhando os aspectos t\u00e9cnicos da medida, como o tipo de exame que dever\u00e1 fazer parte da cobertura obrigat\u00f3ria e as diretrizes de utiliza\u00e7\u00e3o que ser\u00e3o necess\u00e1rias para adequa\u00e7\u00e3o aos protocolos do Minist\u00e9rio da Sa\u00fade e prazos necess\u00e1rios para que a medida seja implementada\u201d, informou.<\/p>\n\n\n\n<p>De acordo com a ag\u00eancia, a cobertura do tratamento aos pacientes diagnosticados com o covid-19 \u00e9 assegurada aos usu\u00e1rios de acordo com a segmenta\u00e7\u00e3o de cada plano \u2013ambulatorial ou hospitalar.<\/p>\n\n\n\n<p>Ainda segundo Gabbardo, at\u00e9 que a inclus\u00e3o no rol ocorra, a recomenda\u00e7\u00e3o \u00e9 que casos de cobran\u00e7as consideradas abusivas pelos usu\u00e1rios sejam levadas ao Procon e outras entidades em defesa do consumidor.<\/p>\n\n\n\n<p>Em nota, Vera Valente, diretora-executiva da FenaSa\u00fade, disse que o setor manifestou compromisso \u201cde atuar tanto nos tratamentos de pacientes diagnosticados, conforme cobertura contratada pelo benefici\u00e1rio, quanto nos testes laboratoriais\u201d.<\/p>\n\n\n\n<p>\u201cEm rela\u00e7\u00e3o ao testes, as operadoras associadas \u00e0 FenaSa\u00fade manifestaram \u00e0 ANS estarem abertas e preparadas para a incorpora\u00e7\u00e3o ao rol de procedimentos, em car\u00e1ter emergencial, dos testes espec\u00edficos para o covid-19 na rede hospitalar\u201d, completou.<\/p>\n\n\n\n<p>Questionada, a Abramge (Associa\u00e7\u00e3o Brasileira de Planos de Sa\u00fade) informou que ir\u00e1 aguardar as determina\u00e7\u00f5es da ANS.<\/p>\n","protected":false},"excerpt":{"rendered":"<p>&nbsp;A ANS (Ag\u00eancia Nacional de Sa\u00fade Suplementar) deve publicar nos pr\u00f3ximos dias uma resolu\u00e7\u00e3o que inclui exames para detectar uma poss\u00edvel infec\u00e7\u00e3o pelo coronav\u00edrus no&hellip; <\/p>\n","protected":false},"author":2,"featured_media":157311,"comment_status":"closed","ping_status":"closed","sticky":false,"template":"","format":"standard","meta":{"sfsi_plus_gutenberg_text_before_share":"","sfsi_plus_gutenberg_show_text_before_share":"","sfsi_plus_gutenberg_icon_type":"","sfsi_plus_gutenberg_icon_alignemt":"","sfsi_plus_gutenburg_max_per_row":"","footnotes":""},"categories":[16],"tags":[],"class_list":["post-157310","post","type-post","status-publish","format-standard","has-post-thumbnail","hentry","category-saude"],"_links":{"self":[{"href":"https:\/\/www.caririemacao.com\/1\/wp-json\/wp\/v2\/posts\/157310","targetHints":{"allow":["GET"]}}],"collection":[{"href":"https:\/\/www.caririemacao.com\/1\/wp-json\/wp\/v2\/posts"}],"about":[{"href":"https:\/\/www.caririemacao.com\/1\/wp-json\/wp\/v2\/types\/post"}],"author":[{"embeddable":true,"href":"https:\/\/www.caririemacao.com\/1\/wp-json\/wp\/v2\/users\/2"}],"replies":[{"embeddable":true,"href":"https:\/\/www.caririemacao.com\/1\/wp-json\/wp\/v2\/comments?post=157310"}],"version-history":[{"count":1,"href":"https:\/\/www.caririemacao.com\/1\/wp-json\/wp\/v2\/posts\/157310\/revisions"}],"predecessor-version":[{"id":157312,"href":"https:\/\/www.caririemacao.com\/1\/wp-json\/wp\/v2\/posts\/157310\/revisions\/157312"}],"wp:featuredmedia":[{"embeddable":true,"href":"https:\/\/www.caririemacao.com\/1\/wp-json\/wp\/v2\/media\/157311"}],"wp:attachment":[{"href":"https:\/\/www.caririemacao.com\/1\/wp-json\/wp\/v2\/media?parent=157310"}],"wp:term":[{"taxonomy":"category","embeddable":true,"href":"https:\/\/www.caririemacao.com\/1\/wp-json\/wp\/v2\/categories?post=157310"},{"taxonomy":"post_tag","embeddable":true,"href":"https:\/\/www.caririemacao.com\/1\/wp-json\/wp\/v2\/tags?post=157310"}],"curies":[{"name":"wp","href":"https:\/\/api.w.org\/{rel}","templated":true}]}}