{"id":157313,"date":"2020-03-11T07:12:27","date_gmt":"2020-03-11T10:12:27","guid":{"rendered":"http:\/\/www.caririemacao.com\/1\/?p=157313"},"modified":"2020-03-11T07:12:28","modified_gmt":"2020-03-11T10:12:28","slug":"policia-militar-prende-acusados-de-violencia-domestica-e-roubo-na-paraiba","status":"publish","type":"post","link":"https:\/\/www.caririemacao.com\/1\/2020\/03\/11\/policia-militar-prende-acusados-de-violencia-domestica-e-roubo-na-paraiba\/","title":{"rendered":"Pol\u00edcia Militar prende acusados de viol\u00eancia dom\u00e9stica e roubo na Para\u00edba"},"content":{"rendered":"\n<p>A Pol\u00edcia Militar capturou dois foragidos da Justi\u00e7a, que estavam sendo procurados pelos crimes de viol\u00eancia dom\u00e9stica e roubo.<\/p>\n\n\n\n<p>Os mandados de pris\u00e3o foram cumpridos nos munic\u00edpios de Campina Grande e Sousa, na manh\u00e3 desta ter\u00e7a-feira (10).<\/p>\n\n\n\n<p>A pris\u00e3o mais recente aconteceu no fim da manh\u00e3 em Campina Grande, quando um homem que tinha um mandado de pris\u00e3o em aberto pelo crime de viol\u00eancia dom\u00e9stica foi localizado no bairro Castelo Branco. Ele foi preso pela For\u00e7a T\u00e1tica do 10\u00ba Batalh\u00e3o e apresentado na Delegacia da Pol\u00edcia Civil.<\/p>\n\n\n\n<p>Mais cedo, por volta das 09h30, outro homem que estava sendo procurado pela Justi\u00e7a foi encontrado em Sousa.<\/p>\n\n\n\n<p>O acusado tem 24 anos de idade e possu\u00eda um mandado em aberto pelo crime de roubo. Ele foi preso pelos policiais do 14\u00ba Batalh\u00e3o e encaminhado para a Delegacia local.<\/p>\n\n\n\n<p>Dados \u2013 De janeiro at\u00e9 o \u00faltimo domingo (8), a Pol\u00edcia Militar recapturou 189 foragidos da Justi\u00e7a, que possu\u00edam mandados de pris\u00e3o em aberto.<\/p>\n\n\n\n<p>Os dados s\u00e3o da Coordenadoria de Estat\u00edstica e Avalia\u00e7\u00e3o da PM (EM\/7). As duas a\u00e7\u00f5es desta ter\u00e7a-feira contaram com orienta\u00e7\u00f5es da Coordenadoria de Intelig\u00eancia (COInt).<\/p>\n","protected":false},"excerpt":{"rendered":"<p>A Pol\u00edcia Militar capturou dois foragidos da Justi\u00e7a, que estavam sendo procurados pelos crimes de viol\u00eancia dom\u00e9stica e roubo. Os mandados de pris\u00e3o foram cumpridos&hellip; <\/p>\n","protected":false},"author":2,"featured_media":157314,"comment_status":"closed","ping_status":"closed","sticky":false,"template":"","format":"standard","meta":{"sfsi_plus_gutenberg_text_before_share":"","sfsi_plus_gutenberg_show_text_before_share":"","sfsi_plus_gutenberg_icon_type":"","sfsi_plus_gutenberg_icon_alignemt":"","sfsi_plus_gutenburg_max_per_row":"","footnotes":""},"categories":[12],"tags":[],"class_list":["post-157313","post","type-post","status-publish","format-standard","has-post-thumbnail","hentry","category-policia"],"_links":{"self":[{"href":"https:\/\/www.caririemacao.com\/1\/wp-json\/wp\/v2\/posts\/157313","targetHints":{"allow":["GET"]}}],"collection":[{"href":"https:\/\/www.caririemacao.com\/1\/wp-json\/wp\/v2\/posts"}],"about":[{"href":"https:\/\/www.caririemacao.com\/1\/wp-json\/wp\/v2\/types\/post"}],"author":[{"embeddable":true,"href":"https:\/\/www.caririemacao.com\/1\/wp-json\/wp\/v2\/users\/2"}],"replies":[{"embeddable":true,"href":"https:\/\/www.caririemacao.com\/1\/wp-json\/wp\/v2\/comments?post=157313"}],"version-history":[{"count":1,"href":"https:\/\/www.caririemacao.com\/1\/wp-json\/wp\/v2\/posts\/157313\/revisions"}],"predecessor-version":[{"id":157315,"href":"https:\/\/www.caririemacao.com\/1\/wp-json\/wp\/v2\/posts\/157313\/revisions\/157315"}],"wp:featuredmedia":[{"embeddable":true,"href":"https:\/\/www.caririemacao.com\/1\/wp-json\/wp\/v2\/media\/157314"}],"wp:attachment":[{"href":"https:\/\/www.caririemacao.com\/1\/wp-json\/wp\/v2\/media?parent=157313"}],"wp:term":[{"taxonomy":"category","embeddable":true,"href":"https:\/\/www.caririemacao.com\/1\/wp-json\/wp\/v2\/categories?post=157313"},{"taxonomy":"post_tag","embeddable":true,"href":"https:\/\/www.caririemacao.com\/1\/wp-json\/wp\/v2\/tags?post=157313"}],"curies":[{"name":"wp","href":"https:\/\/api.w.org\/{rel}","templated":true}]}}