{"id":157317,"date":"2020-03-11T07:15:10","date_gmt":"2020-03-11T10:15:10","guid":{"rendered":"http:\/\/www.caririemacao.com\/1\/?p=157317"},"modified":"2020-03-11T07:15:12","modified_gmt":"2020-03-11T10:15:12","slug":"prf-realiza-fiscalizacoes-de-onibus-e-vans-na-paraiba","status":"publish","type":"post","link":"https:\/\/www.caririemacao.com\/1\/2020\/03\/11\/prf-realiza-fiscalizacoes-de-onibus-e-vans-na-paraiba\/","title":{"rendered":"PRF realiza fiscaliza\u00e7\u00f5es de \u00f4nibus e vans na Para\u00edba"},"content":{"rendered":"\n<p>A Opera\u00e7\u00e3o Voltas \u00e0s Aulas 2020 da Pol\u00edcia Rodovi\u00e1ria Federal (PRF) acontece nos postos de Caf\u00e9 do Vento, de Campina Grande e tamb\u00e9m do munic\u00edpio de Patos, no Sert\u00e3o do Estado.<\/p>\n\n\n\n<p>At\u00e9 agora j\u00e1 foram fiscalizados 107 \u00f4nibus que fazem o transporte escolar. Dois motoristas v\u00e3o ter que responder judicialmente por exerc\u00edcio irregular da profiss\u00e3o.<\/p>\n\n\n\n<p>Isso porque eles n\u00e3o tinham um curso obrigat\u00f3rio para atuar nessa profiss\u00e3o de motorista de transporte escolar.<\/p>\n\n\n\n<p>Durante essas fiscaliza\u00e7\u00f5es da PRF s\u00e3o observados v\u00e1rios quesitos, entre eles os equipamentos obrigat\u00f3rios, o uso do cinto de seguran\u00e7a, as condi\u00e7\u00f5es dos pneus, o excesso de lota\u00e7\u00e3o dos ve\u00edculos, al\u00e9m da documenta\u00e7\u00e3o tanto dos motoristas quanto dos ve\u00edculos.<\/p>\n\n\n\n<p>Essa opera\u00e7\u00e3o Volta \u00e0s Aulas 2020 \u00e9 para garantir a seguran\u00e7a do transporte dos estudantes em todo o Estado, e deve seguir tamb\u00e9m acontecendo nas rodovias federais que cortam o estado da Para\u00edba.<\/p>\n","protected":false},"excerpt":{"rendered":"<p>A Opera\u00e7\u00e3o Voltas \u00e0s Aulas 2020 da Pol\u00edcia Rodovi\u00e1ria Federal (PRF) acontece nos postos de Caf\u00e9 do Vento, de Campina Grande e tamb\u00e9m do munic\u00edpio&hellip; <\/p>\n","protected":false},"author":2,"featured_media":157318,"comment_status":"closed","ping_status":"closed","sticky":false,"template":"","format":"standard","meta":{"sfsi_plus_gutenberg_text_before_share":"","sfsi_plus_gutenberg_show_text_before_share":"","sfsi_plus_gutenberg_icon_type":"","sfsi_plus_gutenberg_icon_alignemt":"","sfsi_plus_gutenburg_max_per_row":"","footnotes":""},"categories":[2],"tags":[],"class_list":["post-157317","post","type-post","status-publish","format-standard","has-post-thumbnail","hentry","category-geral"],"_links":{"self":[{"href":"https:\/\/www.caririemacao.com\/1\/wp-json\/wp\/v2\/posts\/157317","targetHints":{"allow":["GET"]}}],"collection":[{"href":"https:\/\/www.caririemacao.com\/1\/wp-json\/wp\/v2\/posts"}],"about":[{"href":"https:\/\/www.caririemacao.com\/1\/wp-json\/wp\/v2\/types\/post"}],"author":[{"embeddable":true,"href":"https:\/\/www.caririemacao.com\/1\/wp-json\/wp\/v2\/users\/2"}],"replies":[{"embeddable":true,"href":"https:\/\/www.caririemacao.com\/1\/wp-json\/wp\/v2\/comments?post=157317"}],"version-history":[{"count":1,"href":"https:\/\/www.caririemacao.com\/1\/wp-json\/wp\/v2\/posts\/157317\/revisions"}],"predecessor-version":[{"id":157319,"href":"https:\/\/www.caririemacao.com\/1\/wp-json\/wp\/v2\/posts\/157317\/revisions\/157319"}],"wp:featuredmedia":[{"embeddable":true,"href":"https:\/\/www.caririemacao.com\/1\/wp-json\/wp\/v2\/media\/157318"}],"wp:attachment":[{"href":"https:\/\/www.caririemacao.com\/1\/wp-json\/wp\/v2\/media?parent=157317"}],"wp:term":[{"taxonomy":"category","embeddable":true,"href":"https:\/\/www.caririemacao.com\/1\/wp-json\/wp\/v2\/categories?post=157317"},{"taxonomy":"post_tag","embeddable":true,"href":"https:\/\/www.caririemacao.com\/1\/wp-json\/wp\/v2\/tags?post=157317"}],"curies":[{"name":"wp","href":"https:\/\/api.w.org\/{rel}","templated":true}]}}