{"id":157323,"date":"2020-03-11T07:20:17","date_gmt":"2020-03-11T10:20:17","guid":{"rendered":"http:\/\/www.caririemacao.com\/1\/?p=157323"},"modified":"2020-03-11T07:20:19","modified_gmt":"2020-03-11T10:20:19","slug":"paraiba-tem-sete-casos-suspeitos-de-coronavirus","status":"publish","type":"post","link":"https:\/\/www.caririemacao.com\/1\/2020\/03\/11\/paraiba-tem-sete-casos-suspeitos-de-coronavirus\/","title":{"rendered":"Para\u00edba tem sete casos suspeitos de coronav\u00edrus"},"content":{"rendered":"\n<p>A Secretaria de Estado da Sa\u00fade (SES) do Governo da Para\u00edba informou nesta ter\u00e7a-feira (10) que a Para\u00edba possui quatro casos de suspeita de covid-19.&nbsp;<\/p>\n\n\n\n<p>At\u00e9 o momento, seis outros casos j\u00e1 foram descartados.&nbsp;<\/p>\n\n\n\n<p>Os casos em suspeita s\u00e3o os seguintes:<\/p>\n\n\n\n<p>Crian\u00e7a, 6 anos, residente em Jo\u00e3o Pessoa com hist\u00f3rico de viagem para os EUA. Est\u00e1 em isolamento domiciliar&nbsp;<br>Homem, 37 anos, residente em Campina Grande com hist\u00f3rico de viagem para Europa, em isolamento domiciliar.&nbsp;<\/p>\n\n\n\n<p>Mulher, 72 anos, residente em Jo\u00e3o Pessoa, hist\u00f3rico viagem EUA, em isolamento domiciliar.&nbsp;<\/p>\n\n\n\n<p>Mulher, 80 anos, residente em Jo\u00e3o Pessoa, com hist\u00f3rico de viagem para os EUA. Atendida na rede privada e aconselhado isolamento domiciliar.&nbsp;<\/p>\n\n\n\n<p>Mulher, 74 anos, residente em Jo\u00e3o Pessoa com hist\u00f3rico de viagem para Europa. Atendida na rede privada e aconselhado isolamento domiciliar.&nbsp;<\/p>\n\n\n\n<p>Mulher, 72 anos, residente em Campina Grande com hist\u00f3rico de viagem para os EUA. Em observa\u00e7\u00e3o na UPA do Alto Branco.&nbsp;<\/p>\n\n\n\n<p>Homem, 65 anos, morador de Jo\u00e3o Pessoa com hist\u00f3rico de viagem para os EUA.&nbsp;A ele foi recomendado o isolamento domiciliar.<\/p>\n\n\n\n<p>At\u00e9 o momento, 6 casos j\u00e1 foram descartados na Para\u00edba. Nenhum caso confirmado.<\/p>\n","protected":false},"excerpt":{"rendered":"<p>A Secretaria de Estado da Sa\u00fade (SES) do Governo da Para\u00edba informou nesta ter\u00e7a-feira (10) que a Para\u00edba possui quatro casos de suspeita de covid-19.&nbsp;&hellip; <\/p>\n","protected":false},"author":2,"featured_media":157324,"comment_status":"closed","ping_status":"closed","sticky":false,"template":"","format":"standard","meta":{"sfsi_plus_gutenberg_text_before_share":"","sfsi_plus_gutenberg_show_text_before_share":"","sfsi_plus_gutenberg_icon_type":"","sfsi_plus_gutenberg_icon_alignemt":"","sfsi_plus_gutenburg_max_per_row":"","footnotes":""},"categories":[16],"tags":[],"class_list":["post-157323","post","type-post","status-publish","format-standard","has-post-thumbnail","hentry","category-saude"],"_links":{"self":[{"href":"https:\/\/www.caririemacao.com\/1\/wp-json\/wp\/v2\/posts\/157323","targetHints":{"allow":["GET"]}}],"collection":[{"href":"https:\/\/www.caririemacao.com\/1\/wp-json\/wp\/v2\/posts"}],"about":[{"href":"https:\/\/www.caririemacao.com\/1\/wp-json\/wp\/v2\/types\/post"}],"author":[{"embeddable":true,"href":"https:\/\/www.caririemacao.com\/1\/wp-json\/wp\/v2\/users\/2"}],"replies":[{"embeddable":true,"href":"https:\/\/www.caririemacao.com\/1\/wp-json\/wp\/v2\/comments?post=157323"}],"version-history":[{"count":1,"href":"https:\/\/www.caririemacao.com\/1\/wp-json\/wp\/v2\/posts\/157323\/revisions"}],"predecessor-version":[{"id":157325,"href":"https:\/\/www.caririemacao.com\/1\/wp-json\/wp\/v2\/posts\/157323\/revisions\/157325"}],"wp:featuredmedia":[{"embeddable":true,"href":"https:\/\/www.caririemacao.com\/1\/wp-json\/wp\/v2\/media\/157324"}],"wp:attachment":[{"href":"https:\/\/www.caririemacao.com\/1\/wp-json\/wp\/v2\/media?parent=157323"}],"wp:term":[{"taxonomy":"category","embeddable":true,"href":"https:\/\/www.caririemacao.com\/1\/wp-json\/wp\/v2\/categories?post=157323"},{"taxonomy":"post_tag","embeddable":true,"href":"https:\/\/www.caririemacao.com\/1\/wp-json\/wp\/v2\/tags?post=157323"}],"curies":[{"name":"wp","href":"https:\/\/api.w.org\/{rel}","templated":true}]}}