{"id":157327,"date":"2020-03-11T07:21:39","date_gmt":"2020-03-11T10:21:39","guid":{"rendered":"http:\/\/www.caririemacao.com\/1\/?p=157327"},"modified":"2020-03-11T07:21:41","modified_gmt":"2020-03-11T10:21:41","slug":"paraibano-sergio-queiroz-toma-posse-como-secretario-especial-do-desenvolvimento-social","status":"publish","type":"post","link":"https:\/\/www.caririemacao.com\/1\/2020\/03\/11\/paraibano-sergio-queiroz-toma-posse-como-secretario-especial-do-desenvolvimento-social\/","title":{"rendered":"Paraibano S\u00e9rgio Queiroz toma posse como secret\u00e1rio Especial do Desenvolvimento Social"},"content":{"rendered":"\n<p>O paraibano S\u00e9rgio Queiroz tomou posse, na tarde desta ter\u00e7a-feira (10), como secret\u00e1rio Especial do Desenvolvimento Social. A pasta, que comanda seis secretarias e os programas sociais do governo federal, entre eles o Bolsa Fam\u00edlia, BPC, Assist\u00eancia Social, Crian\u00e7a Feliz e Inclus\u00e3o Produtiva Rural e Urbana, integra o Minist\u00e9rio da Cidadania.&nbsp;<br><\/p>\n\n\n\n<p>A posse, realizada no audit\u00f3rio do Minist\u00e9rio, em Bras\u00edlia, foi conduzida pelo ministro da Cidadania, Onyx Lorenzoni, e contou com as presen\u00e7as do senador Fl\u00e1vio Bolsonaro, de deputados e de sua esposa Samara Queiroz.&nbsp; &nbsp; &nbsp;&nbsp;<\/p>\n\n\n\n<p>A nomea\u00e7\u00e3o do paraibano foi publicada no Di\u00e1rio Oficial da Uni\u00e3o (DOU), na \u00faltima quarta-feira (04.03).&nbsp;S\u00e9rgio Queiroz, que \u00e9 procurador da Fazenda Nacional com mais de 25 anos de dedica\u00e7\u00e3o ao servi\u00e7o p\u00fablico, comandou, inicialmente, no governo federal a Secretaria Nacional de Prote\u00e7\u00e3o Global, que integra o Minist\u00e9rio da Mulher, da Fam\u00edlia e dos Direitos Humanos. No in\u00edcio deste m\u00eas, ele aceitou o convite do ministro da Cidadania, Onyx Lorenzoni, para assumir o comando da nova pasta, que coordena todas as seis secretarias nacionais do extinto minist\u00e9rio do Desenvolvimento Social, passando a ser respons\u00e1vel pelos programas sociais do governo federal.<\/p>\n\n\n\n<p>Uma grande miss\u00e3o \u2013 Para o novo secretario S\u00e9rgio Queiroz, &#8220;tomar posse como Secret\u00e1rio Especial de Desenvolvimento Social do governo federal \u00e9 para mim uma grande honra e uma grande miss\u00e3o. Aqui teremos a oportunidade de trabalhar para alcan\u00e7ar e beneficiar os realmente necessitados, ampliando a efici\u00eancia dos programas e contribuindo para a autonomiza\u00e7\u00e3o dos cidad\u00e3os por meio de a\u00e7\u00f5es de profissionaliza\u00e7\u00e3o e do empreendedorismo. O Governo Federal tem sim uma preocupa\u00e7\u00e3o com o desenvolvimento social dos vulner\u00e1veis e eu espero contribuir para o alcance desse objetivo. Desenvolvimento econ\u00f4mico e social devem e v\u00e3o andar de m\u00e3os dadas\u201d, comentou.<\/p>\n\n\n\n<p>O novo titular do cargo destacou ainda que o foco inicial do trabalho ser\u00e1 a melhoria da gest\u00e3o e a efici\u00eancia do programa Bolsa Fam\u00edlia. \u201cEste \u00e9 um dos principais programas do Governo Federal e queremos aprimor\u00e1-lo ainda mais. Tamb\u00e9m vou trabalhar e terei aten\u00e7\u00e3o especial para todos os programas de inclus\u00e3o produtiva, uma forma de buscarmos a dignifica\u00e7\u00e3o da pessoa humana, por meio do trabalho e do empreendedorismo\u201d, afirmou S\u00e9rgio Queiroz.<\/p>\n\n\n\n<p>Compet\u00eancias da nova Secretaria \u2013 A Secretaria Especial do Desenvolvimento Social comanda seis secretarias, assessora o ministro da Cidadania na formula\u00e7\u00e3o e na coordena\u00e7\u00e3o de pol\u00edticas, programas e a\u00e7\u00f5es voltados \u00e0 renda de cidadania, assist\u00eancia social, inclus\u00e3o social e produtiva nos \u00e2mbitos rural e urbano, promo\u00e7\u00e3o do desenvolvimento humano e cuidados e preven\u00e7\u00e3o \u00e0s drogas. A pasta coordena seis secretarias: Secretaria Nacional de Assist\u00eancia Social; a Secretaria Nacional de Renda de Cidadania; a Secretaria Nacional de Inclus\u00e3o Social e Produtiva Urbana; a Secretaria Nacional de Inclus\u00e3o Social e Produtiva Rural; a Secretaria Nacional de Promo\u00e7\u00e3o do Desenvolvimento Humano; a Secretaria Nacional de Cuidados e Preven\u00e7\u00e3o \u00e0s Drogas. O Sistema \u00danico de Assist\u00eancia Social e as pol\u00edticas nacionais de Assist\u00eancia Social e de Seguran\u00e7a Alimentar e Nutricional tamb\u00e9m comp\u00f5em parte das atribui\u00e7\u00f5es da secretaria.<\/p>\n\n\n\n<p>Quem \u00e9 S\u00e9rgio Queiroz \u2013 Natural de Jo\u00e3o Pessoa (PB), o novo secret\u00e1rio Especial do Desenvolvimento Social \u00e9 servidor p\u00fablico federal h\u00e1 26 anos e professor no ensino superior. Desde 2000, \u00e9 Procurador da Fazenda Nacional em Jo\u00e3o Pessoa, mas j\u00e1 ocupou os cargos de T\u00e9cnico da Justi\u00e7a Federal e de Auditor-Fiscal do Trabalho, todos ingressados via concurso p\u00fablico. Ele acumula oito t\u00edtulos universit\u00e1rios durante a sua trajet\u00f3ria acad\u00eamica, entre eles as gradua\u00e7\u00f5es em Engenharia Civil, Direito, mestrados em Filosofia e Teologia; e doutorado em Teologia pela Trinity International University (Chicago\/USA). S\u00e9rgio Queiroz est\u00e1 em conclus\u00e3o do MBA em Gest\u00e3o P\u00fablica e, recentemente, iniciou o p\u00f3s-doutorado em Direitos Sociais pela Universidade de Salamanca (Espanha). Participou, ainda em 2018, como membro efetivo do Grupo de Trabalho de transi\u00e7\u00e3o do atual governo federal e, posteriormente, foi indicado para assumir a Secretaria Nacional de Prote\u00e7\u00e3o Global em janeiro de 2019. Agora, em mar\u00e7o de 2020, assume a Secretaria de Desenvolvimento Social.<\/p>\n","protected":false},"excerpt":{"rendered":"<p>O paraibano S\u00e9rgio Queiroz tomou posse, na tarde desta ter\u00e7a-feira (10), como secret\u00e1rio Especial do Desenvolvimento Social. A pasta, que comanda seis secretarias e os&hellip; <\/p>\n","protected":false},"author":2,"featured_media":157328,"comment_status":"closed","ping_status":"closed","sticky":false,"template":"","format":"standard","meta":{"sfsi_plus_gutenberg_text_before_share":"","sfsi_plus_gutenberg_show_text_before_share":"","sfsi_plus_gutenberg_icon_type":"","sfsi_plus_gutenberg_icon_alignemt":"","sfsi_plus_gutenburg_max_per_row":"","footnotes":""},"categories":[2],"tags":[],"class_list":["post-157327","post","type-post","status-publish","format-standard","has-post-thumbnail","hentry","category-geral"],"_links":{"self":[{"href":"https:\/\/www.caririemacao.com\/1\/wp-json\/wp\/v2\/posts\/157327","targetHints":{"allow":["GET"]}}],"collection":[{"href":"https:\/\/www.caririemacao.com\/1\/wp-json\/wp\/v2\/posts"}],"about":[{"href":"https:\/\/www.caririemacao.com\/1\/wp-json\/wp\/v2\/types\/post"}],"author":[{"embeddable":true,"href":"https:\/\/www.caririemacao.com\/1\/wp-json\/wp\/v2\/users\/2"}],"replies":[{"embeddable":true,"href":"https:\/\/www.caririemacao.com\/1\/wp-json\/wp\/v2\/comments?post=157327"}],"version-history":[{"count":1,"href":"https:\/\/www.caririemacao.com\/1\/wp-json\/wp\/v2\/posts\/157327\/revisions"}],"predecessor-version":[{"id":157329,"href":"https:\/\/www.caririemacao.com\/1\/wp-json\/wp\/v2\/posts\/157327\/revisions\/157329"}],"wp:featuredmedia":[{"embeddable":true,"href":"https:\/\/www.caririemacao.com\/1\/wp-json\/wp\/v2\/media\/157328"}],"wp:attachment":[{"href":"https:\/\/www.caririemacao.com\/1\/wp-json\/wp\/v2\/media?parent=157327"}],"wp:term":[{"taxonomy":"category","embeddable":true,"href":"https:\/\/www.caririemacao.com\/1\/wp-json\/wp\/v2\/categories?post=157327"},{"taxonomy":"post_tag","embeddable":true,"href":"https:\/\/www.caririemacao.com\/1\/wp-json\/wp\/v2\/tags?post=157327"}],"curies":[{"name":"wp","href":"https:\/\/api.w.org\/{rel}","templated":true}]}}