{"id":157334,"date":"2020-03-11T07:53:58","date_gmt":"2020-03-11T10:53:58","guid":{"rendered":"http:\/\/www.caririemacao.com\/1\/?p=157334"},"modified":"2020-03-11T07:54:00","modified_gmt":"2020-03-11T10:54:00","slug":"intervencao-estadual-na-prefeitura-de-bayeux-e-aprovada-por-10-votos-a-7","status":"publish","type":"post","link":"https:\/\/www.caririemacao.com\/1\/2020\/03\/11\/intervencao-estadual-na-prefeitura-de-bayeux-e-aprovada-por-10-votos-a-7\/","title":{"rendered":"Interven\u00e7\u00e3o estadual na Prefeitura de Bayeux \u00e9 aprovada por 10 votos a 7"},"content":{"rendered":"\n<p> Foi aprovado, nesta ter\u00e7a-feira (10), por 10 votos a 7, pedido de interven\u00e7\u00e3o estadual na Prefeitura Municipal de Bayeux, na Grande Jo\u00e3o Pessoa. A sess\u00e3o extraordin\u00e1ria aconteceu na C\u00e2mara Municipal.\u00a0O governador Jo\u00e3o Azev\u00eado (Cidadania) e o Tribunal de Contas do Estado (TCE-PB) ser\u00e3o notificados da decis\u00e3o.<\/p>\n\n\n\n<p>O pedido de interven\u00e7\u00e3o estadual&nbsp;foi feito pelo TCE-PB&nbsp;e decorre da an\u00e1lise de uma inspe\u00e7\u00e3o especial de contas realizada no Munic\u00edpio. O relator da mat\u00e9ria, conselheiro Andr\u00e9 Carlos Torres Pontes, em seu voto, reconheceu os requisitos constitucionais necess\u00e1rios para a medida extrema, diante das graves irregularidades apontadas no relat\u00f3rio da auditoria.<\/p>\n\n\n\n<p>O conselheiro detalhou os procedimentos exigidos pela Constitui\u00e7\u00e3o para referendar a decis\u00e3o, e que foram constatados pelo \u00f3rg\u00e3o t\u00e9cnico do&nbsp;<a href=\"https:\/\/tce.pb.gov.br\/\" target=\"_blank\" rel=\"noreferrer noopener\">TCE<\/a>. Tratam de pressupostos constitucionais que ensejam o pedido de interven\u00e7\u00e3o ao governador do Estado, necess\u00e1rios para o in\u00edcio do processo de interven\u00e7\u00e3o no Munic\u00edpio, ante a constata\u00e7\u00e3o de in\u00fameras e reiteradas irregularidades nas presta\u00e7\u00f5es de contas.<\/p>\n\n\n\n<p>\u201cConfiguram a necessidade da interven\u00e7\u00e3o a aus\u00eancia de pagamento regular, sem motivo de for\u00e7a maior, por dois anos consecutivos, da d\u00edvida fundada, n\u00e3o aplica\u00e7\u00e3o do m\u00ednimo de 25% da receita municipal em educa\u00e7\u00e3o, bem como de 15% nas a\u00e7\u00f5es e servi\u00e7os p\u00fablicos de sa\u00fade. Tamb\u00e9m ficou confirmada a pr\u00e1tica pelo prefeito Gutemberg de Lima Davi (Berg Lima), de atos de improbidade administrativa, confirmada em recente decis\u00e3o judicial pelo Tribunal de Justi\u00e7a\u201d, disse o relator.<\/p>\n","protected":false},"excerpt":{"rendered":"<p>Foi aprovado, nesta ter\u00e7a-feira (10), por 10 votos a 7, pedido de interven\u00e7\u00e3o estadual na Prefeitura Municipal de Bayeux, na Grande Jo\u00e3o Pessoa. A sess\u00e3o&hellip; <\/p>\n","protected":false},"author":2,"featured_media":157335,"comment_status":"closed","ping_status":"closed","sticky":false,"template":"","format":"standard","meta":{"sfsi_plus_gutenberg_text_before_share":"","sfsi_plus_gutenberg_show_text_before_share":"","sfsi_plus_gutenberg_icon_type":"","sfsi_plus_gutenberg_icon_alignemt":"","sfsi_plus_gutenburg_max_per_row":"","footnotes":""},"categories":[2],"tags":[],"class_list":["post-157334","post","type-post","status-publish","format-standard","has-post-thumbnail","hentry","category-geral"],"_links":{"self":[{"href":"https:\/\/www.caririemacao.com\/1\/wp-json\/wp\/v2\/posts\/157334","targetHints":{"allow":["GET"]}}],"collection":[{"href":"https:\/\/www.caririemacao.com\/1\/wp-json\/wp\/v2\/posts"}],"about":[{"href":"https:\/\/www.caririemacao.com\/1\/wp-json\/wp\/v2\/types\/post"}],"author":[{"embeddable":true,"href":"https:\/\/www.caririemacao.com\/1\/wp-json\/wp\/v2\/users\/2"}],"replies":[{"embeddable":true,"href":"https:\/\/www.caririemacao.com\/1\/wp-json\/wp\/v2\/comments?post=157334"}],"version-history":[{"count":1,"href":"https:\/\/www.caririemacao.com\/1\/wp-json\/wp\/v2\/posts\/157334\/revisions"}],"predecessor-version":[{"id":157336,"href":"https:\/\/www.caririemacao.com\/1\/wp-json\/wp\/v2\/posts\/157334\/revisions\/157336"}],"wp:featuredmedia":[{"embeddable":true,"href":"https:\/\/www.caririemacao.com\/1\/wp-json\/wp\/v2\/media\/157335"}],"wp:attachment":[{"href":"https:\/\/www.caririemacao.com\/1\/wp-json\/wp\/v2\/media?parent=157334"}],"wp:term":[{"taxonomy":"category","embeddable":true,"href":"https:\/\/www.caririemacao.com\/1\/wp-json\/wp\/v2\/categories?post=157334"},{"taxonomy":"post_tag","embeddable":true,"href":"https:\/\/www.caririemacao.com\/1\/wp-json\/wp\/v2\/tags?post=157334"}],"curies":[{"name":"wp","href":"https:\/\/api.w.org\/{rel}","templated":true}]}}