{"id":157342,"date":"2020-03-11T08:09:35","date_gmt":"2020-03-11T11:09:35","guid":{"rendered":"http:\/\/www.caririemacao.com\/1\/?p=157342"},"modified":"2020-03-11T08:09:36","modified_gmt":"2020-03-11T11:09:36","slug":"amparo-secretario-participa-de-encontro-regional-dos-conselheiros-do-pprs","status":"publish","type":"post","link":"https:\/\/www.caririemacao.com\/1\/2020\/03\/11\/amparo-secretario-participa-de-encontro-regional-dos-conselheiros-do-pprs\/","title":{"rendered":"Amparo: Secret\u00e1rio participa de encontro regional dos conselheiros do PPRS"},"content":{"rendered":"\n<p>O Secret\u00e1rio de Agricultura e Abastecimento de Amaparo, Paulo Henrique  Soares esteve participando na manh\u00e3 da \u00faltima ter\u00e7a-feira (10), do encontro regional dos conselheiros do Programa Para\u00edba Rural Sustent\u00e9vel. <\/p>\n\n\n\n<p>O encontro aconteceu na C\u00e9mara de Vereadores no municipio de Sum\u00e9 e contou ainda com a presenca da equipe t\u00e9cnica do Projeto Cooperar, Secretaria da Agriculture Familiar e do Desenvolvimento do Semi\u00e9rido (Seafds). <\/p>\n\n\n\n<figure class=\"wp-block-image size-large\"><img fetchpriority=\"high\" decoding=\"async\" width=\"960\" height=\"960\" src=\"http:\/\/www.caririemacao.com\/1\/wp-content\/uploads\/2020\/03\/prefeituramunicipaldeamparopb_20200311_3.jpg\" alt=\"\" class=\"wp-image-157348\" srcset=\"https:\/\/www.caririemacao.com\/1\/wp-content\/uploads\/2020\/03\/prefeituramunicipaldeamparopb_20200311_3.jpg 960w, https:\/\/www.caririemacao.com\/1\/wp-content\/uploads\/2020\/03\/prefeituramunicipaldeamparopb_20200311_3-300x300.jpg 300w, https:\/\/www.caririemacao.com\/1\/wp-content\/uploads\/2020\/03\/prefeituramunicipaldeamparopb_20200311_3-150x150.jpg 150w, https:\/\/www.caririemacao.com\/1\/wp-content\/uploads\/2020\/03\/prefeituramunicipaldeamparopb_20200311_3-768x768.jpg 768w\" sizes=\"(max-width: 960px) 100vw, 960px\" \/><\/figure>\n\n\n\n<p>O Programa PB Rural Sustent\u00e9vel \u00e9 um projeto do Governo do Estado da Para\u00edba em pareceria com o Banco Mundial, que tem o objetivo de promover o desenvolvimento econ\u00f4mico e social da popula\u00e7\u00e3o da zona rural paraibana, em especial do semi\u00e9rido. O acesso a \u00e9gua, redu\u00e7\u00e3o da vulnerabilidade agroclimatica, o aumento da renda e gera\u00e7\u00e3o de emprego foram debatidos na pauta da reuni\u00e3o. <\/p>\n\n\n","protected":false},"excerpt":{"rendered":"<p>O Secret\u00e1rio de Agricultura e Abastecimento de Amaparo, Paulo Henrique Soares esteve participando na manh\u00e3 da \u00faltima ter\u00e7a-feira (10), do encontro regional dos conselheiros do&hellip; <\/p>\n","protected":false},"author":1,"featured_media":157349,"comment_status":"closed","ping_status":"closed","sticky":false,"template":"","format":"standard","meta":{"sfsi_plus_gutenberg_text_before_share":"","sfsi_plus_gutenberg_show_text_before_share":"","sfsi_plus_gutenberg_icon_type":"","sfsi_plus_gutenberg_icon_alignemt":"","sfsi_plus_gutenburg_max_per_row":"","footnotes":""},"categories":[1],"tags":[],"class_list":["post-157342","post","type-post","status-publish","format-standard","has-post-thumbnail","hentry","category-o-site"],"_links":{"self":[{"href":"https:\/\/www.caririemacao.com\/1\/wp-json\/wp\/v2\/posts\/157342","targetHints":{"allow":["GET"]}}],"collection":[{"href":"https:\/\/www.caririemacao.com\/1\/wp-json\/wp\/v2\/posts"}],"about":[{"href":"https:\/\/www.caririemacao.com\/1\/wp-json\/wp\/v2\/types\/post"}],"author":[{"embeddable":true,"href":"https:\/\/www.caririemacao.com\/1\/wp-json\/wp\/v2\/users\/1"}],"replies":[{"embeddable":true,"href":"https:\/\/www.caririemacao.com\/1\/wp-json\/wp\/v2\/comments?post=157342"}],"version-history":[{"count":1,"href":"https:\/\/www.caririemacao.com\/1\/wp-json\/wp\/v2\/posts\/157342\/revisions"}],"predecessor-version":[{"id":157351,"href":"https:\/\/www.caririemacao.com\/1\/wp-json\/wp\/v2\/posts\/157342\/revisions\/157351"}],"wp:featuredmedia":[{"embeddable":true,"href":"https:\/\/www.caririemacao.com\/1\/wp-json\/wp\/v2\/media\/157349"}],"wp:attachment":[{"href":"https:\/\/www.caririemacao.com\/1\/wp-json\/wp\/v2\/media?parent=157342"}],"wp:term":[{"taxonomy":"category","embeddable":true,"href":"https:\/\/www.caririemacao.com\/1\/wp-json\/wp\/v2\/categories?post=157342"},{"taxonomy":"post_tag","embeddable":true,"href":"https:\/\/www.caririemacao.com\/1\/wp-json\/wp\/v2\/tags?post=157342"}],"curies":[{"name":"wp","href":"https:\/\/api.w.org\/{rel}","templated":true}]}}