{"id":157346,"date":"2020-03-11T08:10:42","date_gmt":"2020-03-11T11:10:42","guid":{"rendered":"http:\/\/www.caririemacao.com\/1\/?p=157346"},"modified":"2020-03-11T08:10:44","modified_gmt":"2020-03-11T11:10:44","slug":"forro-leluia-tradicional-festa-de-flavio-jose-nao-sera-realizada-este-ano","status":"publish","type":"post","link":"https:\/\/www.caririemacao.com\/1\/2020\/03\/11\/forro-leluia-tradicional-festa-de-flavio-jose-nao-sera-realizada-este-ano\/","title":{"rendered":"FORR\u00d3 LELUIA: Tradicional festa de Fl\u00e1vio Jos\u00e9 n\u00e3o ser\u00e1 realizada este ano"},"content":{"rendered":"\n<p> Os organizadores do tradicional Forr\u00f3 Leluia, realizado anualmente durante a Semana Santa de Monteiro, n\u00e3o ser\u00e1 realizado este ano. A informa\u00e7\u00e3o foi confirmada pelo cantor Fl\u00e1vio Jos\u00e9, principal atra\u00e7\u00e3o do evento durante todos os anos em que a festa foi realizada.<\/p>\n\n\n\n<p>De acordo com informa\u00e7\u00f5es do cantor, a n\u00e3o realiza\u00e7\u00e3o do evento este ano foi \u2018motivos superiores\u2019, sem dar maiores detalhes.<\/p>\n\n\n\n<p>Anualmente milhares de f\u00e3s de todo o Nordeste se deslocavam at\u00e9 a cidade de Monteiro para acompanhar o Forr\u00f3 Leluia, movimentando a economia local e movimentando a cidade.<\/p>\n\n\n\n<p>Com CARIRI LIGADO<\/p>\n\n\n\n<figure class=\"wp-block-image\"><img decoding=\"async\" data-src=\"http:\/\/hora1pb.com.br\/wp-content\/uploads\/2020\/03\/AA3D052D-3C7E-4B4C-8FAA-196C8554E0F2-265x300.jpeg\" alt=\"\" class=\"wp-image-17937 lazyload\" src=\"data:image\/svg+xml;base64,PHN2ZyB3aWR0aD0iMSIgaGVpZ2h0PSIxIiB4bWxucz0iaHR0cDovL3d3dy53My5vcmcvMjAwMC9zdmciPjwvc3ZnPg==\" style=\"--smush-placeholder-width: 265px; --smush-placeholder-aspect-ratio: 265\/300;\" \/><\/figure>\n\n\n\n<p><a href=\"http:\/\/hora1pb.com.br\/#facebook\" rel=\"noreferrer noopener\" target=\"_blank\"><br><\/a><\/p>\n","protected":false},"excerpt":{"rendered":"<p>Os organizadores do tradicional Forr\u00f3 Leluia, realizado anualmente durante a Semana Santa de Monteiro, n\u00e3o ser\u00e1 realizado este ano. A informa\u00e7\u00e3o foi confirmada pelo cantor&hellip; <\/p>\n","protected":false},"author":2,"featured_media":157350,"comment_status":"closed","ping_status":"closed","sticky":false,"template":"","format":"standard","meta":{"sfsi_plus_gutenberg_text_before_share":"","sfsi_plus_gutenberg_show_text_before_share":"","sfsi_plus_gutenberg_icon_type":"","sfsi_plus_gutenberg_icon_alignemt":"","sfsi_plus_gutenburg_max_per_row":"","footnotes":""},"categories":[2],"tags":[],"class_list":["post-157346","post","type-post","status-publish","format-standard","has-post-thumbnail","hentry","category-geral"],"_links":{"self":[{"href":"https:\/\/www.caririemacao.com\/1\/wp-json\/wp\/v2\/posts\/157346","targetHints":{"allow":["GET"]}}],"collection":[{"href":"https:\/\/www.caririemacao.com\/1\/wp-json\/wp\/v2\/posts"}],"about":[{"href":"https:\/\/www.caririemacao.com\/1\/wp-json\/wp\/v2\/types\/post"}],"author":[{"embeddable":true,"href":"https:\/\/www.caririemacao.com\/1\/wp-json\/wp\/v2\/users\/2"}],"replies":[{"embeddable":true,"href":"https:\/\/www.caririemacao.com\/1\/wp-json\/wp\/v2\/comments?post=157346"}],"version-history":[{"count":1,"href":"https:\/\/www.caririemacao.com\/1\/wp-json\/wp\/v2\/posts\/157346\/revisions"}],"predecessor-version":[{"id":157352,"href":"https:\/\/www.caririemacao.com\/1\/wp-json\/wp\/v2\/posts\/157346\/revisions\/157352"}],"wp:featuredmedia":[{"embeddable":true,"href":"https:\/\/www.caririemacao.com\/1\/wp-json\/wp\/v2\/media\/157350"}],"wp:attachment":[{"href":"https:\/\/www.caririemacao.com\/1\/wp-json\/wp\/v2\/media?parent=157346"}],"wp:term":[{"taxonomy":"category","embeddable":true,"href":"https:\/\/www.caririemacao.com\/1\/wp-json\/wp\/v2\/categories?post=157346"},{"taxonomy":"post_tag","embeddable":true,"href":"https:\/\/www.caririemacao.com\/1\/wp-json\/wp\/v2\/tags?post=157346"}],"curies":[{"name":"wp","href":"https:\/\/api.w.org\/{rel}","templated":true}]}}