{"id":157354,"date":"2020-03-11T08:17:12","date_gmt":"2020-03-11T11:17:12","guid":{"rendered":"http:\/\/www.caririemacao.com\/1\/?p=157354"},"modified":"2020-03-11T08:17:13","modified_gmt":"2020-03-11T11:17:13","slug":"moradores-do-guaruja-tem-pagamento-de-beneficios-do-inss-antecipado","status":"publish","type":"post","link":"https:\/\/www.caririemacao.com\/1\/2020\/03\/11\/moradores-do-guaruja-tem-pagamento-de-beneficios-do-inss-antecipado\/","title":{"rendered":"Moradores do Guaruj\u00e1 t\u00eam pagamento de benef\u00edcios do INSS antecipado"},"content":{"rendered":"\n<p>Os moradores do munic\u00edpio do Guaruj\u00e1, na Baixada Santista, t\u00eam o pagamento dos benef\u00edcios de presta\u00e7\u00e3o continuada (BPC) previdenci\u00e1ria e assistencial do Instituto Nacional do Seguro Social (INSS) antecipado, em raz\u00e3o do estado de calamidade p\u00fablica devido \u00e0s chuvas intensas.<\/p>\n\n\n\n<p>A antecipa\u00e7\u00e3o do pagamento consta de portaria conjunta dos minist\u00e9rios da Economia e da Cidadania, publicada no&nbsp;<a href=\"http:\/\/www.in.gov.br\/en\/web\/dou\/-\/portaria-conjunta-n-6.549-de-9-de-marco-de-2020-247281266\" target=\"_blank\" rel=\"noreferrer noopener\"><em>Di\u00e1rio Oficial da Uni\u00e3o<\/em><\/a>&nbsp;desta quarta-feira (11).<\/p>\n\n\n\n<p>De acordo com o documento, o pagamento ser\u00e1 feito a partir do primeiro dia \u00fatil deste m\u00eas e at\u00e9 durar a situa\u00e7\u00e3o de calamidade; e \u201cmediante op\u00e7\u00e3o do benefici\u00e1rio, o valor correspondente a uma renda mensal do benef\u00edcio previdenci\u00e1rio ou assistencial a que tem direito, excetuado os casos de benef\u00edcios tempor\u00e1rios\u201d.<\/p>\n\n\n\n<p>O valor antecipado dever\u00e1 ser ressarcido em at\u00e9 36 parcelas mensais fixas, a partir do terceiro m\u00eas seguinte ao da antecipa\u00e7\u00e3o, mediante desconto da renda do benef\u00edcio e, dada a natureza da opera\u00e7\u00e3o, sem qualquer custo ou corre\u00e7\u00e3o, diz a portaria.<\/p>\n\n\n\n<h2 class=\"wp-block-heading\">Calamidade p\u00fablica<\/h2>\n\n\n\n<p>De acordo com informa\u00e7\u00f5es da Defesa Civil do Estado de S\u00e3o Paulo, at\u00e9 o momento, o n\u00famero de mortos pelas chuvas na Baixada Santista chega a 44. Pelo menos 34 pessoas continuam desaparecidas, sendo a maioria no Guaruj\u00e1.<\/p>\n\n\n\n<p>Em Santos, ocorreram oito mortes e em S\u00e3o Vicente, tr\u00eas. O n\u00famero atual de desabrigados \u00e9 de 328 no Guaruj\u00e1 e de 185 em Santos.<\/p>\n\n\n\n<p>As cidades de Santos e S\u00e3o Vicente est\u00e3o com situa\u00e7\u00e3o de emerg\u00eancia decretada e Guaruj\u00e1 teve estado de calamidade p\u00fablica tanto a n\u00edvel estadual quanto federal.<\/p>\n","protected":false},"excerpt":{"rendered":"<p>Os moradores do munic\u00edpio do Guaruj\u00e1, na Baixada Santista, t\u00eam o pagamento dos benef\u00edcios de presta\u00e7\u00e3o continuada (BPC) previdenci\u00e1ria e assistencial do Instituto Nacional do&hellip; <\/p>\n","protected":false},"author":2,"featured_media":157355,"comment_status":"closed","ping_status":"closed","sticky":false,"template":"","format":"standard","meta":{"sfsi_plus_gutenberg_text_before_share":"","sfsi_plus_gutenberg_show_text_before_share":"","sfsi_plus_gutenberg_icon_type":"","sfsi_plus_gutenberg_icon_alignemt":"","sfsi_plus_gutenburg_max_per_row":"","footnotes":""},"categories":[2],"tags":[],"class_list":["post-157354","post","type-post","status-publish","format-standard","has-post-thumbnail","hentry","category-geral"],"_links":{"self":[{"href":"https:\/\/www.caririemacao.com\/1\/wp-json\/wp\/v2\/posts\/157354","targetHints":{"allow":["GET"]}}],"collection":[{"href":"https:\/\/www.caririemacao.com\/1\/wp-json\/wp\/v2\/posts"}],"about":[{"href":"https:\/\/www.caririemacao.com\/1\/wp-json\/wp\/v2\/types\/post"}],"author":[{"embeddable":true,"href":"https:\/\/www.caririemacao.com\/1\/wp-json\/wp\/v2\/users\/2"}],"replies":[{"embeddable":true,"href":"https:\/\/www.caririemacao.com\/1\/wp-json\/wp\/v2\/comments?post=157354"}],"version-history":[{"count":1,"href":"https:\/\/www.caririemacao.com\/1\/wp-json\/wp\/v2\/posts\/157354\/revisions"}],"predecessor-version":[{"id":157356,"href":"https:\/\/www.caririemacao.com\/1\/wp-json\/wp\/v2\/posts\/157354\/revisions\/157356"}],"wp:featuredmedia":[{"embeddable":true,"href":"https:\/\/www.caririemacao.com\/1\/wp-json\/wp\/v2\/media\/157355"}],"wp:attachment":[{"href":"https:\/\/www.caririemacao.com\/1\/wp-json\/wp\/v2\/media?parent=157354"}],"wp:term":[{"taxonomy":"category","embeddable":true,"href":"https:\/\/www.caririemacao.com\/1\/wp-json\/wp\/v2\/categories?post=157354"},{"taxonomy":"post_tag","embeddable":true,"href":"https:\/\/www.caririemacao.com\/1\/wp-json\/wp\/v2\/tags?post=157354"}],"curies":[{"name":"wp","href":"https:\/\/api.w.org\/{rel}","templated":true}]}}