{"id":157359,"date":"2020-03-11T08:39:41","date_gmt":"2020-03-11T11:39:41","guid":{"rendered":"http:\/\/www.caririemacao.com\/1\/?p=157359"},"modified":"2020-03-11T08:39:43","modified_gmt":"2020-03-11T11:39:43","slug":"prefeito-eden-duarte-se-reune-para-tratar-das-acoes-de-resolucao-dos-bairros-afetados-pelas-chuvas","status":"publish","type":"post","link":"https:\/\/www.caririemacao.com\/1\/2020\/03\/11\/prefeito-eden-duarte-se-reune-para-tratar-das-acoes-de-resolucao-dos-bairros-afetados-pelas-chuvas\/","title":{"rendered":"Prefeito Eden Duarte se re\u00fane para tratar das a\u00e7\u00f5es de resolu\u00e7\u00e3o dos bairros afetados pelas chuvas"},"content":{"rendered":"\n<p>O prefeito de Sum\u00e9, Eden Duarte se reuniu  na \u00faltima ter\u00e7a-feira (10),  para dar encaminhamento as a\u00e7\u00f5es necess\u00e1rias para resolu\u00e7\u00e3o dos problemas apresentados por alguns bairros, em decorr\u00eancia das chuvas. Sendo assim, ainda ontem equipes da Prefeitura iniciaram os servi\u00e7os, tanto na zona urbana, quanto na zona rural. <\/p>\n\n\n\n<p>As a\u00e7\u00f5es foram resultados das visitas feitas no \u00faltimo domingo (08), a v\u00e1rios bairros que tiveram problemas por conta das chuvas.  <\/p>\n\n\n\n<figure class=\"wp-block-image size-large\"><img fetchpriority=\"high\" decoding=\"async\" width=\"640\" height=\"640\" src=\"http:\/\/www.caririemacao.com\/1\/wp-content\/uploads\/2020\/03\/eden_duarte_20200311_9.jpg\" alt=\"\" class=\"wp-image-157378\" srcset=\"https:\/\/www.caririemacao.com\/1\/wp-content\/uploads\/2020\/03\/eden_duarte_20200311_9.jpg 640w, https:\/\/www.caririemacao.com\/1\/wp-content\/uploads\/2020\/03\/eden_duarte_20200311_9-300x300.jpg 300w, https:\/\/www.caririemacao.com\/1\/wp-content\/uploads\/2020\/03\/eden_duarte_20200311_9-150x150.jpg 150w\" sizes=\"(max-width: 640px) 100vw, 640px\" \/><\/figure>\n\n\n\n<p>Os vereadores Ant\u00f4nio Carlos e Daniel Laila tamb\u00e9m estiveram reunidos com populares para orientar em rela\u00e7\u00e3o as medidas legais a serem adotadas em rela\u00e7\u00e3o aos loteamentos irregulares. Lembrando que tramita no Minist\u00e9rio P\u00fablico local um procedimento administrativo que apura a situa\u00e7\u00e3o dos loteamentos irregulares. <\/p>\n\n\n\n<figure class=\"wp-block-image size-large\"><img decoding=\"async\" width=\"1024\" height=\"1024\" data-src=\"http:\/\/www.caririemacao.com\/1\/wp-content\/uploads\/2020\/03\/eden_duarte_20200311_8-1024x1024.jpg\" alt=\"\" class=\"wp-image-157379 lazyload\" data-srcset=\"https:\/\/www.caririemacao.com\/1\/wp-content\/uploads\/2020\/03\/eden_duarte_20200311_8-1024x1024.jpg 1024w, https:\/\/www.caririemacao.com\/1\/wp-content\/uploads\/2020\/03\/eden_duarte_20200311_8-300x300.jpg 300w, https:\/\/www.caririemacao.com\/1\/wp-content\/uploads\/2020\/03\/eden_duarte_20200311_8-150x150.jpg 150w, https:\/\/www.caririemacao.com\/1\/wp-content\/uploads\/2020\/03\/eden_duarte_20200311_8-768x768.jpg 768w, https:\/\/www.caririemacao.com\/1\/wp-content\/uploads\/2020\/03\/eden_duarte_20200311_8.jpg 1080w\" data-sizes=\"(max-width: 1024px) 100vw, 1024px\" src=\"data:image\/svg+xml;base64,PHN2ZyB3aWR0aD0iMSIgaGVpZ2h0PSIxIiB4bWxucz0iaHR0cDovL3d3dy53My5vcmcvMjAwMC9zdmciPjwvc3ZnPg==\" style=\"--smush-placeholder-width: 1024px; --smush-placeholder-aspect-ratio: 1024\/1024;\" \/><\/figure>\n\n\n\n<p>O Munic\u00edpio j\u00e1 havia suspendido a emiss\u00e3o de alvar\u00e1s, habitue-se e certid\u00f5es para aqueles que ainda n\u00e3o foram regularizados e vai suspender o IPTU. &#8220;Antes de comprar, negociar ou construir em loteamentos, sugerimos que procurem o setor de tributos para receberem informa\u00e7\u00f5es sobre a situa\u00e7\u00e3o de cada um deles&#8221;disse o prefeito. <\/p>\n","protected":false},"excerpt":{"rendered":"<p>O prefeito de Sum\u00e9, Eden Duarte se reuniu na \u00faltima ter\u00e7a-feira (10), para dar encaminhamento as a\u00e7\u00f5es necess\u00e1rias para resolu\u00e7\u00e3o dos problemas apresentados por alguns&hellip; <\/p>\n","protected":false},"author":1,"featured_media":157377,"comment_status":"closed","ping_status":"closed","sticky":false,"template":"","format":"standard","meta":{"sfsi_plus_gutenberg_text_before_share":"","sfsi_plus_gutenberg_show_text_before_share":"","sfsi_plus_gutenberg_icon_type":"","sfsi_plus_gutenberg_icon_alignemt":"","sfsi_plus_gutenburg_max_per_row":"","footnotes":""},"categories":[6,50],"tags":[],"class_list":["post-157359","post","type-post","status-publish","format-standard","has-post-thumbnail","hentry","category-cidades","category-destaque"],"_links":{"self":[{"href":"https:\/\/www.caririemacao.com\/1\/wp-json\/wp\/v2\/posts\/157359","targetHints":{"allow":["GET"]}}],"collection":[{"href":"https:\/\/www.caririemacao.com\/1\/wp-json\/wp\/v2\/posts"}],"about":[{"href":"https:\/\/www.caririemacao.com\/1\/wp-json\/wp\/v2\/types\/post"}],"author":[{"embeddable":true,"href":"https:\/\/www.caririemacao.com\/1\/wp-json\/wp\/v2\/users\/1"}],"replies":[{"embeddable":true,"href":"https:\/\/www.caririemacao.com\/1\/wp-json\/wp\/v2\/comments?post=157359"}],"version-history":[{"count":5,"href":"https:\/\/www.caririemacao.com\/1\/wp-json\/wp\/v2\/posts\/157359\/revisions"}],"predecessor-version":[{"id":157380,"href":"https:\/\/www.caririemacao.com\/1\/wp-json\/wp\/v2\/posts\/157359\/revisions\/157380"}],"wp:featuredmedia":[{"embeddable":true,"href":"https:\/\/www.caririemacao.com\/1\/wp-json\/wp\/v2\/media\/157377"}],"wp:attachment":[{"href":"https:\/\/www.caririemacao.com\/1\/wp-json\/wp\/v2\/media?parent=157359"}],"wp:term":[{"taxonomy":"category","embeddable":true,"href":"https:\/\/www.caririemacao.com\/1\/wp-json\/wp\/v2\/categories?post=157359"},{"taxonomy":"post_tag","embeddable":true,"href":"https:\/\/www.caririemacao.com\/1\/wp-json\/wp\/v2\/tags?post=157359"}],"curies":[{"name":"wp","href":"https:\/\/api.w.org\/{rel}","templated":true}]}}