{"id":157364,"date":"2020-03-11T08:24:58","date_gmt":"2020-03-11T11:24:58","guid":{"rendered":"http:\/\/www.caririemacao.com\/1\/?p=157364"},"modified":"2020-03-11T08:25:00","modified_gmt":"2020-03-11T11:25:00","slug":"previsao-do-tempo-para-esta-quarta-feira-em-toda-paraiba-23","status":"publish","type":"post","link":"https:\/\/www.caririemacao.com\/1\/2020\/03\/11\/previsao-do-tempo-para-esta-quarta-feira-em-toda-paraiba-23\/","title":{"rendered":"Previs\u00e3o do tempo para esta quarta-feira em toda Para\u00edba"},"content":{"rendered":"\n<p>A alta concentra\u00e7\u00e3o de umidade presente no ar combinada ao calor dever\u00e3o contribuir para o aumento da nebulosidade e a ocorr\u00eancia de chuvas localizadas no setor centro\/oeste, no fim do dia. Nas demais regi\u00f5es poder\u00e3o ocorrer pancadas de chuva.<\/p>\n\n\n\n<div class=\"wp-block-image\"><figure class=\"aligncenter\"><img decoding=\"async\" data-src=\"https:\/\/paraibaonline.com.br\/wp-content\/uploads\/2020\/03\/tempo1103.jpg\" alt=\"Para\u00edba Online \u2022 Previs\u00e3o do tempo para esta quarta-feira em toda Para\u00edba\" class=\"wp-image-842594 lazyload\" src=\"data:image\/svg+xml;base64,PHN2ZyB3aWR0aD0iMSIgaGVpZ2h0PSIxIiB4bWxucz0iaHR0cDovL3d3dy53My5vcmcvMjAwMC9zdmciPjwvc3ZnPg==\" \/><\/figure><\/div>\n\n\n\n<p>*Fonte: Aesa<\/p>\n","protected":false},"excerpt":{"rendered":"<p>A alta concentra\u00e7\u00e3o de umidade presente no ar combinada ao calor dever\u00e3o contribuir para o aumento da nebulosidade e a ocorr\u00eancia de chuvas localizadas no&hellip; <\/p>\n","protected":false},"author":2,"featured_media":157366,"comment_status":"closed","ping_status":"closed","sticky":false,"template":"","format":"standard","meta":{"sfsi_plus_gutenberg_text_before_share":"","sfsi_plus_gutenberg_show_text_before_share":"","sfsi_plus_gutenberg_icon_type":"","sfsi_plus_gutenberg_icon_alignemt":"","sfsi_plus_gutenburg_max_per_row":"","footnotes":""},"categories":[6],"tags":[],"class_list":["post-157364","post","type-post","status-publish","format-standard","has-post-thumbnail","hentry","category-cidades"],"_links":{"self":[{"href":"https:\/\/www.caririemacao.com\/1\/wp-json\/wp\/v2\/posts\/157364","targetHints":{"allow":["GET"]}}],"collection":[{"href":"https:\/\/www.caririemacao.com\/1\/wp-json\/wp\/v2\/posts"}],"about":[{"href":"https:\/\/www.caririemacao.com\/1\/wp-json\/wp\/v2\/types\/post"}],"author":[{"embeddable":true,"href":"https:\/\/www.caririemacao.com\/1\/wp-json\/wp\/v2\/users\/2"}],"replies":[{"embeddable":true,"href":"https:\/\/www.caririemacao.com\/1\/wp-json\/wp\/v2\/comments?post=157364"}],"version-history":[{"count":1,"href":"https:\/\/www.caririemacao.com\/1\/wp-json\/wp\/v2\/posts\/157364\/revisions"}],"predecessor-version":[{"id":157367,"href":"https:\/\/www.caririemacao.com\/1\/wp-json\/wp\/v2\/posts\/157364\/revisions\/157367"}],"wp:featuredmedia":[{"embeddable":true,"href":"https:\/\/www.caririemacao.com\/1\/wp-json\/wp\/v2\/media\/157366"}],"wp:attachment":[{"href":"https:\/\/www.caririemacao.com\/1\/wp-json\/wp\/v2\/media?parent=157364"}],"wp:term":[{"taxonomy":"category","embeddable":true,"href":"https:\/\/www.caririemacao.com\/1\/wp-json\/wp\/v2\/categories?post=157364"},{"taxonomy":"post_tag","embeddable":true,"href":"https:\/\/www.caririemacao.com\/1\/wp-json\/wp\/v2\/tags?post=157364"}],"curies":[{"name":"wp","href":"https:\/\/api.w.org\/{rel}","templated":true}]}}