{"id":157368,"date":"2020-03-11T08:27:28","date_gmt":"2020-03-11T11:27:28","guid":{"rendered":"http:\/\/www.caririemacao.com\/1\/?p=157368"},"modified":"2020-03-11T08:27:30","modified_gmt":"2020-03-11T11:27:30","slug":"hora-das-letras-dicas-sobre-o-uso-da-crase","status":"publish","type":"post","link":"https:\/\/www.caririemacao.com\/1\/2020\/03\/11\/hora-das-letras-dicas-sobre-o-uso-da-crase\/","title":{"rendered":"Hora das Letras: Dicas sobre o uso da crase"},"content":{"rendered":"\n<p>Tem d\u00favidas sobre o uso da crase?<\/p>\n\n\n\n<p>No programa \u201cConex\u00e3o Caturit\u00e9\u201d desta ter\u00e7a-feira, 10, o professor Golbery Rodrigues refor\u00e7ou no quadro \u201cHora das Letras\u201d a maneira adequada de se usar a crase.<\/p>\n\n\n\n<p>O programa vai ao ar das 11h \u00e0s 13h, na R\u00e1dio Caturit\u00e9 FM (104.1).<\/p>\n\n\n\n<p>Confira as dicas no \u00e1udio abaixo:<\/p>\n\n\n\n<figure><iframe data-src=\"https:\/\/w.soundcloud.com\/player\/?visual=true&amp;url=https%3A%2F%2Fapi.soundcloud.com%2Ftracks%2F774016606&amp;show_artwork=true&amp;maxwidth=500&amp;maxheight=750&amp;dnt=1\" src=\"data:image\/svg+xml;base64,PHN2ZyB3aWR0aD0iMSIgaGVpZ2h0PSIxIiB4bWxucz0iaHR0cDovL3d3dy53My5vcmcvMjAwMC9zdmciPjwvc3ZnPg==\" class=\"lazyload\" data-load-mode=\"1\"><\/iframe><\/figure>\n","protected":false},"excerpt":{"rendered":"<p>Tem d\u00favidas sobre o uso da crase? No programa \u201cConex\u00e3o Caturit\u00e9\u201d desta ter\u00e7a-feira, 10, o professor Golbery Rodrigues refor\u00e7ou no quadro \u201cHora das Letras\u201d a&hellip; <\/p>\n","protected":false},"author":2,"featured_media":157369,"comment_status":"closed","ping_status":"closed","sticky":false,"template":"","format":"standard","meta":{"sfsi_plus_gutenberg_text_before_share":"","sfsi_plus_gutenberg_show_text_before_share":"","sfsi_plus_gutenberg_icon_type":"","sfsi_plus_gutenberg_icon_alignemt":"","sfsi_plus_gutenburg_max_per_row":"","footnotes":""},"categories":[2],"tags":[],"class_list":["post-157368","post","type-post","status-publish","format-standard","has-post-thumbnail","hentry","category-geral"],"_links":{"self":[{"href":"https:\/\/www.caririemacao.com\/1\/wp-json\/wp\/v2\/posts\/157368","targetHints":{"allow":["GET"]}}],"collection":[{"href":"https:\/\/www.caririemacao.com\/1\/wp-json\/wp\/v2\/posts"}],"about":[{"href":"https:\/\/www.caririemacao.com\/1\/wp-json\/wp\/v2\/types\/post"}],"author":[{"embeddable":true,"href":"https:\/\/www.caririemacao.com\/1\/wp-json\/wp\/v2\/users\/2"}],"replies":[{"embeddable":true,"href":"https:\/\/www.caririemacao.com\/1\/wp-json\/wp\/v2\/comments?post=157368"}],"version-history":[{"count":1,"href":"https:\/\/www.caririemacao.com\/1\/wp-json\/wp\/v2\/posts\/157368\/revisions"}],"predecessor-version":[{"id":157370,"href":"https:\/\/www.caririemacao.com\/1\/wp-json\/wp\/v2\/posts\/157368\/revisions\/157370"}],"wp:featuredmedia":[{"embeddable":true,"href":"https:\/\/www.caririemacao.com\/1\/wp-json\/wp\/v2\/media\/157369"}],"wp:attachment":[{"href":"https:\/\/www.caririemacao.com\/1\/wp-json\/wp\/v2\/media?parent=157368"}],"wp:term":[{"taxonomy":"category","embeddable":true,"href":"https:\/\/www.caririemacao.com\/1\/wp-json\/wp\/v2\/categories?post=157368"},{"taxonomy":"post_tag","embeddable":true,"href":"https:\/\/www.caririemacao.com\/1\/wp-json\/wp\/v2\/tags?post=157368"}],"curies":[{"name":"wp","href":"https:\/\/api.w.org\/{rel}","templated":true}]}}