{"id":157373,"date":"2020-03-11T09:38:36","date_gmt":"2020-03-11T12:38:36","guid":{"rendered":"http:\/\/www.caririemacao.com\/1\/?p=157373"},"modified":"2020-03-11T09:38:37","modified_gmt":"2020-03-11T12:38:37","slug":"apos-repercussao-negativa-de-entrevista-rede-globo-e-drauzio-varella-pedem-desculpas-assumo-a-responsabilidade","status":"publish","type":"post","link":"https:\/\/www.caririemacao.com\/1\/2020\/03\/11\/apos-repercussao-negativa-de-entrevista-rede-globo-e-drauzio-varella-pedem-desculpas-assumo-a-responsabilidade\/","title":{"rendered":"Ap\u00f3s repercuss\u00e3o negativa de entrevista, Rede Globo e Drauzio Varella pedem desculpas: &#8220;Assumo a responsabilidade&#8221;"},"content":{"rendered":"\n<p>A Rede Globo se pronunciou na noite desta ter\u00e7a-feira (10), ap\u00f3s a repercuss\u00e3o negativa causada pela entrevista \u00e0&nbsp;transexual Suzy, presa por estuprar e matar uma crian\u00e7a.<\/p>\n\n\n\n<p>A TV Globo recebeu diversas cr\u00edticas por omitir os crimes das pessoas transexuais durante a reportagem exibida. Assista acima.<\/p>\n","protected":false},"excerpt":{"rendered":"<p>A Rede Globo se pronunciou na noite desta ter\u00e7a-feira (10), ap\u00f3s a repercuss\u00e3o negativa causada pela entrevista \u00e0&nbsp;transexual Suzy, presa por estuprar e matar uma&hellip; <\/p>\n","protected":false},"author":2,"featured_media":74793,"comment_status":"closed","ping_status":"closed","sticky":false,"template":"","format":"standard","meta":{"sfsi_plus_gutenberg_text_before_share":"","sfsi_plus_gutenberg_show_text_before_share":"","sfsi_plus_gutenberg_icon_type":"","sfsi_plus_gutenberg_icon_alignemt":"","sfsi_plus_gutenburg_max_per_row":"","footnotes":""},"categories":[2],"tags":[],"class_list":["post-157373","post","type-post","status-publish","format-standard","has-post-thumbnail","hentry","category-geral"],"_links":{"self":[{"href":"https:\/\/www.caririemacao.com\/1\/wp-json\/wp\/v2\/posts\/157373","targetHints":{"allow":["GET"]}}],"collection":[{"href":"https:\/\/www.caririemacao.com\/1\/wp-json\/wp\/v2\/posts"}],"about":[{"href":"https:\/\/www.caririemacao.com\/1\/wp-json\/wp\/v2\/types\/post"}],"author":[{"embeddable":true,"href":"https:\/\/www.caririemacao.com\/1\/wp-json\/wp\/v2\/users\/2"}],"replies":[{"embeddable":true,"href":"https:\/\/www.caririemacao.com\/1\/wp-json\/wp\/v2\/comments?post=157373"}],"version-history":[{"count":1,"href":"https:\/\/www.caririemacao.com\/1\/wp-json\/wp\/v2\/posts\/157373\/revisions"}],"predecessor-version":[{"id":157400,"href":"https:\/\/www.caririemacao.com\/1\/wp-json\/wp\/v2\/posts\/157373\/revisions\/157400"}],"wp:featuredmedia":[{"embeddable":true,"href":"https:\/\/www.caririemacao.com\/1\/wp-json\/wp\/v2\/media\/74793"}],"wp:attachment":[{"href":"https:\/\/www.caririemacao.com\/1\/wp-json\/wp\/v2\/media?parent=157373"}],"wp:term":[{"taxonomy":"category","embeddable":true,"href":"https:\/\/www.caririemacao.com\/1\/wp-json\/wp\/v2\/categories?post=157373"},{"taxonomy":"post_tag","embeddable":true,"href":"https:\/\/www.caririemacao.com\/1\/wp-json\/wp\/v2\/tags?post=157373"}],"curies":[{"name":"wp","href":"https:\/\/api.w.org\/{rel}","templated":true}]}}