{"id":157383,"date":"2020-03-11T09:09:37","date_gmt":"2020-03-11T12:09:37","guid":{"rendered":"http:\/\/www.caririemacao.com\/1\/?p=157383"},"modified":"2020-03-11T09:09:38","modified_gmt":"2020-03-11T12:09:38","slug":"sume-secretarias-de-administracao-e-saude-comemoram-dia-internacional-da-mulher-com-cafe-da-manha","status":"publish","type":"post","link":"https:\/\/www.caririemacao.com\/1\/2020\/03\/11\/sume-secretarias-de-administracao-e-saude-comemoram-dia-internacional-da-mulher-com-cafe-da-manha\/","title":{"rendered":"Sum\u00e9: Secretarias de Administra\u00e7\u00e3o e Sa\u00fade  comemoram Dia Internacional da Mulher com caf\u00e9 da manh\u00e3"},"content":{"rendered":"\n<p>As colaboradoras da sede da Prefeitura de Sum\u00e9 foram surpreendidas, na \u00faltima segunda-feira (09), com um caf\u00e9 da manh\u00e3 em comemora\u00e7\u00e3o ao Dia Internacional da Mulher. O intuito da celebra\u00e7\u00e3o, que teve m\u00fasica e entrega de bombons, foi reconhecer a import\u00e2ncia do papel da mulher na sociedade.  <\/p>\n\n\n\n<p>Aproximadamente 20 servidoras de setores da sede da Prefeitura Municipal participaram do momento, que contou ainda com a presen\u00e7a do prefeito, \u00c9den Duarte, dos secret\u00e1rios, Bonilson Tim\u00f3teo (Administra\u00e7\u00e3o), Rob\u00e9rio Cipriano (Finan\u00e7as) e Tanniery L\u00eala (Assist\u00eancia Social) e demais servidores da Secretaria de Administra\u00e7\u00e3o, Finan\u00e7as e Gabinete.<\/p>\n\n\n\n<figure class=\"wp-block-image size-large\"><img fetchpriority=\"high\" decoding=\"async\" width=\"720\" height=\"540\" src=\"http:\/\/www.caririemacao.com\/1\/wp-content\/uploads\/2020\/03\/FB_IMG_1583928041250-2.jpg\" alt=\"\" class=\"wp-image-157393\" srcset=\"https:\/\/www.caririemacao.com\/1\/wp-content\/uploads\/2020\/03\/FB_IMG_1583928041250-2.jpg 720w, https:\/\/www.caririemacao.com\/1\/wp-content\/uploads\/2020\/03\/FB_IMG_1583928041250-2-300x225.jpg 300w\" sizes=\"(max-width: 720px) 100vw, 720px\" \/><\/figure>\n\n\n\n<p>Na Sa\u00fade, o caf\u00e9 da manh\u00e3 teve a participa\u00e7\u00e3o da secret\u00e1ria Alessandra Regina, do prefeito \u00c9den e das servidoras do \u00f3rg\u00e3o.<\/p>\n\n\n\n<p>A servidora municipal, Adeilde Calu\u00eate, parabenizou a iniciativa. Segundo ela, momentos como esses s\u00e3o importantes e que o reconhecimento \u00e0s mulheres seja praticado todos os dias do ano estendido a todos os segmentos da sociedade.<\/p>\n\n\n\n<figure class=\"wp-block-image size-large\"><img decoding=\"async\" width=\"720\" height=\"540\" data-src=\"http:\/\/www.caririemacao.com\/1\/wp-content\/uploads\/2020\/03\/FB_IMG_1583928043983-1.jpg\" alt=\"\" class=\"wp-image-157394 lazyload\" data-srcset=\"https:\/\/www.caririemacao.com\/1\/wp-content\/uploads\/2020\/03\/FB_IMG_1583928043983-1.jpg 720w, https:\/\/www.caririemacao.com\/1\/wp-content\/uploads\/2020\/03\/FB_IMG_1583928043983-1-300x225.jpg 300w\" data-sizes=\"(max-width: 720px) 100vw, 720px\" src=\"data:image\/svg+xml;base64,PHN2ZyB3aWR0aD0iMSIgaGVpZ2h0PSIxIiB4bWxucz0iaHR0cDovL3d3dy53My5vcmcvMjAwMC9zdmciPjwvc3ZnPg==\" style=\"--smush-placeholder-width: 720px; --smush-placeholder-aspect-ratio: 720\/540;\" \/><\/figure>\n\n\n\n<p>O prefeito \u00c9den Duarte enalteceu a iniciativa e lembrou que o momento representava uma maneira singela de abra\u00e7ar cada uma das mulheres pelos seus m\u00faltiplos pap\u00e9is na sociedade, de modo que elas sejam lembradas n\u00e3o apenas em postagens nas redes sociais, mas sim, com a\u00e7\u00f5es pr\u00e1ticas no seu dia a dia.<\/p>\n","protected":false},"excerpt":{"rendered":"<p>As colaboradoras da sede da Prefeitura de Sum\u00e9 foram surpreendidas, na \u00faltima segunda-feira (09), com um caf\u00e9 da manh\u00e3 em comemora\u00e7\u00e3o ao Dia Internacional da&hellip; <\/p>\n","protected":false},"author":1,"featured_media":157395,"comment_status":"closed","ping_status":"closed","sticky":false,"template":"","format":"standard","meta":{"sfsi_plus_gutenberg_text_before_share":"","sfsi_plus_gutenberg_show_text_before_share":"","sfsi_plus_gutenberg_icon_type":"","sfsi_plus_gutenberg_icon_alignemt":"","sfsi_plus_gutenburg_max_per_row":"","footnotes":""},"categories":[6,50],"tags":[],"class_list":["post-157383","post","type-post","status-publish","format-standard","has-post-thumbnail","hentry","category-cidades","category-destaque"],"_links":{"self":[{"href":"https:\/\/www.caririemacao.com\/1\/wp-json\/wp\/v2\/posts\/157383","targetHints":{"allow":["GET"]}}],"collection":[{"href":"https:\/\/www.caririemacao.com\/1\/wp-json\/wp\/v2\/posts"}],"about":[{"href":"https:\/\/www.caririemacao.com\/1\/wp-json\/wp\/v2\/types\/post"}],"author":[{"embeddable":true,"href":"https:\/\/www.caririemacao.com\/1\/wp-json\/wp\/v2\/users\/1"}],"replies":[{"embeddable":true,"href":"https:\/\/www.caririemacao.com\/1\/wp-json\/wp\/v2\/comments?post=157383"}],"version-history":[{"count":4,"href":"https:\/\/www.caririemacao.com\/1\/wp-json\/wp\/v2\/posts\/157383\/revisions"}],"predecessor-version":[{"id":157396,"href":"https:\/\/www.caririemacao.com\/1\/wp-json\/wp\/v2\/posts\/157383\/revisions\/157396"}],"wp:featuredmedia":[{"embeddable":true,"href":"https:\/\/www.caririemacao.com\/1\/wp-json\/wp\/v2\/media\/157395"}],"wp:attachment":[{"href":"https:\/\/www.caririemacao.com\/1\/wp-json\/wp\/v2\/media?parent=157383"}],"wp:term":[{"taxonomy":"category","embeddable":true,"href":"https:\/\/www.caririemacao.com\/1\/wp-json\/wp\/v2\/categories?post=157383"},{"taxonomy":"post_tag","embeddable":true,"href":"https:\/\/www.caririemacao.com\/1\/wp-json\/wp\/v2\/tags?post=157383"}],"curies":[{"name":"wp","href":"https:\/\/api.w.org\/{rel}","templated":true}]}}