{"id":157397,"date":"2020-03-11T09:23:23","date_gmt":"2020-03-11T12:23:23","guid":{"rendered":"http:\/\/www.caririemacao.com\/1\/?p=157397"},"modified":"2020-03-11T09:23:25","modified_gmt":"2020-03-11T12:23:25","slug":"monteiro-prefeita-convida-populacao-para-inauguracao-da-sede-propria-da-unidade-de-saude-13","status":"publish","type":"post","link":"https:\/\/www.caririemacao.com\/1\/2020\/03\/11\/monteiro-prefeita-convida-populacao-para-inauguracao-da-sede-propria-da-unidade-de-saude-13\/","title":{"rendered":"Monteiro: prefeita convida popula\u00e7\u00e3o para inaugura\u00e7\u00e3o da sede pr\u00f3pria da unidade de sa\u00fade 13"},"content":{"rendered":"\n<p>Nesta quinta-feira (12), acontece a entrega e inaugura\u00e7\u00e3o da sede pr\u00f3pria da Unidade B\u00e1sica de Sa\u00fade 13 \u00e0s 17 horas na cidade de Monteiro. <\/p>\n\n\n\n<p>Assim como houve uma grande participa\u00e7\u00e3o popular na entrega da sede provis\u00f3ria da UBS 13, a gestora do munic\u00edpio espera que na inaugura\u00e7\u00e3o da sede pr\u00f3pria a popula\u00e7\u00e3o compare\u00e7a e participe. \u201cQuero convidar n\u00e3o s\u00f3 a popula\u00e7\u00e3o do bairro, mas tamb\u00e9m todo monteirense para comemorar conosco mais uma obra que beneficia e aumenta a qualidade de atendimento na \u00e1rea da sa\u00fade. Nesta obra est\u00e3o nossos esfor\u00e7os e a representa\u00e7\u00e3o da import\u00e2ncia que cada monteirense tem para nossa administra\u00e7\u00e3o, convidamos a todos para juntarem-se a n\u00f3s neste momento\u201d, convida Anna Lorena.<\/p>\n\n\n\n<p>Durante o an\u00fancio da entrega da Unidade de Sa\u00fade que homenageia Dr. Le\u00f4nio C\u00e9sar de Souza, que era m\u00e9dico, foi diretor do Hospital Santa Filomena e secret\u00e1rio de Sa\u00fade do Munic\u00edpio de Monteiro; Anna Lorena relembrou e frisou: \u201cContinuamos trabalhamos por Monteiro, para que a cidade seja cada vez melhor e \u00e9 o que temos observado, que a cada dia os monteirenses possam bater no peito e se orgulhar do local onde moram. Cada dia \u00e9 uma conquista e \u00e9 com este sentimento que entregamos a obra que prometemos para aquele bairro\u201d.<\/p>\n\n\n\n<p>Ainda comentando sobre o bairro Alto da Serra, a prefeita Anna Lorena disse que anunciar\u00e1 mais benef\u00edcios para aquela localidade.<\/p>\n","protected":false},"excerpt":{"rendered":"<p>Nesta quinta-feira (12), acontece a entrega e inaugura\u00e7\u00e3o da sede pr\u00f3pria da Unidade B\u00e1sica de Sa\u00fade 13 \u00e0s 17 horas na cidade de Monteiro. Assim&hellip; <\/p>\n","protected":false},"author":1,"featured_media":12074,"comment_status":"closed","ping_status":"closed","sticky":false,"template":"","format":"standard","meta":{"sfsi_plus_gutenberg_text_before_share":"","sfsi_plus_gutenberg_show_text_before_share":"","sfsi_plus_gutenberg_icon_type":"","sfsi_plus_gutenberg_icon_alignemt":"","sfsi_plus_gutenburg_max_per_row":"","footnotes":""},"categories":[6,50],"tags":[],"class_list":["post-157397","post","type-post","status-publish","format-standard","has-post-thumbnail","hentry","category-cidades","category-destaque"],"_links":{"self":[{"href":"https:\/\/www.caririemacao.com\/1\/wp-json\/wp\/v2\/posts\/157397","targetHints":{"allow":["GET"]}}],"collection":[{"href":"https:\/\/www.caririemacao.com\/1\/wp-json\/wp\/v2\/posts"}],"about":[{"href":"https:\/\/www.caririemacao.com\/1\/wp-json\/wp\/v2\/types\/post"}],"author":[{"embeddable":true,"href":"https:\/\/www.caririemacao.com\/1\/wp-json\/wp\/v2\/users\/1"}],"replies":[{"embeddable":true,"href":"https:\/\/www.caririemacao.com\/1\/wp-json\/wp\/v2\/comments?post=157397"}],"version-history":[{"count":1,"href":"https:\/\/www.caririemacao.com\/1\/wp-json\/wp\/v2\/posts\/157397\/revisions"}],"predecessor-version":[{"id":157398,"href":"https:\/\/www.caririemacao.com\/1\/wp-json\/wp\/v2\/posts\/157397\/revisions\/157398"}],"wp:featuredmedia":[{"embeddable":true,"href":"https:\/\/www.caririemacao.com\/1\/wp-json\/wp\/v2\/media\/12074"}],"wp:attachment":[{"href":"https:\/\/www.caririemacao.com\/1\/wp-json\/wp\/v2\/media?parent=157397"}],"wp:term":[{"taxonomy":"category","embeddable":true,"href":"https:\/\/www.caririemacao.com\/1\/wp-json\/wp\/v2\/categories?post=157397"},{"taxonomy":"post_tag","embeddable":true,"href":"https:\/\/www.caririemacao.com\/1\/wp-json\/wp\/v2\/tags?post=157397"}],"curies":[{"name":"wp","href":"https:\/\/api.w.org\/{rel}","templated":true}]}}