{"id":157399,"date":"2020-03-11T09:45:42","date_gmt":"2020-03-11T12:45:42","guid":{"rendered":"http:\/\/www.caririemacao.com\/1\/?p=157399"},"modified":"2020-03-11T09:45:44","modified_gmt":"2020-03-11T12:45:44","slug":"monteiro-limao-com-mel-estara-prestigiando-e-participando-do-xi-festival-zabe-da-loca-em-homenagem-a-adma-andrade","status":"publish","type":"post","link":"https:\/\/www.caririemacao.com\/1\/2020\/03\/11\/monteiro-limao-com-mel-estara-prestigiando-e-participando-do-xi-festival-zabe-da-loca-em-homenagem-a-adma-andrade\/","title":{"rendered":"Monteiro: Lim\u00e3o com Mel estar\u00e1 prestigiando  e participando do XI Festival Zab\u00e9 da Loca em homenagem a Adma Andrade"},"content":{"rendered":"\n<p>A Banda Lim\u00e3o com Mel estar\u00e1 em Monteiro na pr\u00f3xima sexta-feira, 13, prestigiando e participando da grande homenagem que ser\u00e1 realizada para sua vocalista, Adma Andrade, durante a programa\u00e7\u00e3o do XI Festival de Cultura Popular Zab\u00e9 da Loca.<\/p>\n\n\n\n<p>O evento que \u00e9 gratuito, \u00e9 idealizado e realizado pela Prefeitura Municipal de Monteiro, atrav\u00e9s da Secretaria de Cultura e Turismo com o intuito de valorizar e incentivar a cultura popular no munic\u00edpio.<\/p>\n\n\n\n<p>A programa\u00e7\u00e3o tem sua abertura \u00e0s 21h na Pra\u00e7a Jo\u00e3o Pessoa.<\/p>\n\n\n\n<p>Confira a Programa\u00e7\u00e3o:<\/p>\n\n\n\n<p><strong>Sexta-feira: Programa\u00e7\u00e3o Palco<br><\/strong><br>21h &#8211; Abertura com Pife Perfumado<br>Xot\u00e9 Universit\u00e1rio<br>Homenagem para Adma Andrade e<br>Banda Lim\u00e3o com Mel<\/p>\n\n\n\n<p><strong>S\u00e1bado: Programa\u00e7\u00e3o Feira Central<br><\/strong><br>&nbsp;08h Cultura na Feira<br>Atra\u00e7\u00f5es:<br>Emboladores &#8211; Caboclo e Sabi\u00e1<br>Vit\u00f3ria do Pife<br>Pife Perfumado<br>Beato Vicente<br>Jo\u00e3o de Am\u00e9lia<br>Dud\u00e9<\/p>\n\n\n\n<p><strong>Oficinas:<br><\/strong><br>Nos dias 13 e 14 ser\u00e3o ministradas oficinas de P\u00edfano com alunos das redes Municipal e Estadual com o m\u00fasico Bibi do Sax. A musicista Vit\u00f3ria do Pife (Recife-PE) ser\u00e1 a respons\u00e1vel pelas oficinas no Erva Vida.<\/p>\n","protected":false},"excerpt":{"rendered":"<p>A Banda Lim\u00e3o com Mel estar\u00e1 em Monteiro na pr\u00f3xima sexta-feira, 13, prestigiando e participando da grande homenagem que ser\u00e1 realizada para sua vocalista, Adma&hellip; <\/p>\n","protected":false},"author":1,"featured_media":157406,"comment_status":"closed","ping_status":"closed","sticky":false,"template":"","format":"standard","meta":{"sfsi_plus_gutenberg_text_before_share":"","sfsi_plus_gutenberg_show_text_before_share":"","sfsi_plus_gutenberg_icon_type":"","sfsi_plus_gutenberg_icon_alignemt":"","sfsi_plus_gutenburg_max_per_row":"","footnotes":""},"categories":[6,50],"tags":[],"class_list":["post-157399","post","type-post","status-publish","format-standard","has-post-thumbnail","hentry","category-cidades","category-destaque"],"_links":{"self":[{"href":"https:\/\/www.caririemacao.com\/1\/wp-json\/wp\/v2\/posts\/157399","targetHints":{"allow":["GET"]}}],"collection":[{"href":"https:\/\/www.caririemacao.com\/1\/wp-json\/wp\/v2\/posts"}],"about":[{"href":"https:\/\/www.caririemacao.com\/1\/wp-json\/wp\/v2\/types\/post"}],"author":[{"embeddable":true,"href":"https:\/\/www.caririemacao.com\/1\/wp-json\/wp\/v2\/users\/1"}],"replies":[{"embeddable":true,"href":"https:\/\/www.caririemacao.com\/1\/wp-json\/wp\/v2\/comments?post=157399"}],"version-history":[{"count":1,"href":"https:\/\/www.caririemacao.com\/1\/wp-json\/wp\/v2\/posts\/157399\/revisions"}],"predecessor-version":[{"id":157409,"href":"https:\/\/www.caririemacao.com\/1\/wp-json\/wp\/v2\/posts\/157399\/revisions\/157409"}],"wp:featuredmedia":[{"embeddable":true,"href":"https:\/\/www.caririemacao.com\/1\/wp-json\/wp\/v2\/media\/157406"}],"wp:attachment":[{"href":"https:\/\/www.caririemacao.com\/1\/wp-json\/wp\/v2\/media?parent=157399"}],"wp:term":[{"taxonomy":"category","embeddable":true,"href":"https:\/\/www.caririemacao.com\/1\/wp-json\/wp\/v2\/categories?post=157399"},{"taxonomy":"post_tag","embeddable":true,"href":"https:\/\/www.caririemacao.com\/1\/wp-json\/wp\/v2\/tags?post=157399"}],"curies":[{"name":"wp","href":"https:\/\/api.w.org\/{rel}","templated":true}]}}