{"id":157401,"date":"2020-03-11T09:41:58","date_gmt":"2020-03-11T12:41:58","guid":{"rendered":"http:\/\/www.caririemacao.com\/1\/?p=157401"},"modified":"2020-03-11T09:41:59","modified_gmt":"2020-03-11T12:41:59","slug":"inflacao-oficial-fica-em-025-em-fevereiro-menor-taxa-para-o-mes-em-20-anos","status":"publish","type":"post","link":"https:\/\/www.caririemacao.com\/1\/2020\/03\/11\/inflacao-oficial-fica-em-025-em-fevereiro-menor-taxa-para-o-mes-em-20-anos\/","title":{"rendered":"Infla\u00e7\u00e3o oficial fica em 0,25% em fevereiro, menor taxa para o m\u00eas em 20 anos"},"content":{"rendered":"\n<p>O \u00cdndice Nacional de Pre\u00e7os ao Consumidor Amplo (IPCA), considerado a infla\u00e7\u00e3o oficial do pa\u00eds, ficou em 0,25% em fevereiro, depois de ter registrado uma taxa de 0,21% em janeiro, segundo divulgou nesta quarta-feira (11) o Instituto Brasileiro de Geografia e Estat\u00edstica (IBGE). Apesar da acelera\u00e7\u00e3o, trata-se da menor taxa para meses de fevereiro desde 2000, quando o \u00edndice foi de 0,13%.<\/p>\n\n\n\n<p>No ano, o IPCA acumula alta de 0,46% e, em 12 meses, a taxa acumulada \u00e9 de 4,01%, abaixo dos 4,19% registrados nos 12 meses imediatamente anteriores, ficando bem pr\u00f3xima do centro da meta do governo para o ano, que \u00e9 de 4%, o que deve contribuir para aumentar as apostas do mercado sobre a possibilidade de novos cortes na taxa b\u00e1sica de juros.<\/p>\n\n\n\n<p>Dos 9 grupos de produtos e servi\u00e7os pesquisados, 5 apresentaram alta em fevereiro, com destaque para os custos de educa\u00e7\u00e3o, cujo grupo apresentou a maior varia\u00e7\u00e3o mensal (3,70%) e o maior impacto (0,23 ponto percentual) no IPCA do m\u00eas.<\/p>\n\n\n\n<p><strong>Perspectivas para 2020<\/strong><br>Para 2020, os economistas das institui\u00e7\u00f5es financeiras projetam uma infla\u00e7\u00e3o de 3,20%, segundo a \u00faltima pesquisa Focus do Banco Central. Neste ano, o centro da meta \u00e9 de 4%, um pouco menor que em 2019. A meta ter\u00e1 sido cumprida se o \u00edndice oscilar de 2,5% a 5,5%.<\/p>\n\n\n\n<p>A meta de infla\u00e7\u00e3o \u00e9 fixada pelo Conselho Monet\u00e1rio Nacional (CMN). Para alcan\u00e7\u00e1-la, o Banco Central eleva ou reduz a taxa b\u00e1sica de juros, atualmente em 4,25% ao ano.<\/p>\n\n\n\n<p>Nota emitida no come\u00e7o do m\u00eas pelo Banco Central sinalizou que o Comit\u00ea de Pol\u00edtica Monet\u00e1ria (Copom) pode reduzir novamente a taxa de juros a fim de evitar uma desacelera\u00e7\u00e3o ainda maior da economia brasileira provocada pelo novo coronav\u00edrus.<\/p>\n","protected":false},"excerpt":{"rendered":"<p>O \u00cdndice Nacional de Pre\u00e7os ao Consumidor Amplo (IPCA), considerado a infla\u00e7\u00e3o oficial do pa\u00eds, ficou em 0,25% em fevereiro, depois de ter registrado uma&hellip; <\/p>\n","protected":false},"author":2,"featured_media":157402,"comment_status":"closed","ping_status":"closed","sticky":false,"template":"","format":"standard","meta":{"sfsi_plus_gutenberg_text_before_share":"","sfsi_plus_gutenberg_show_text_before_share":"","sfsi_plus_gutenberg_icon_type":"","sfsi_plus_gutenberg_icon_alignemt":"","sfsi_plus_gutenburg_max_per_row":"","footnotes":""},"categories":[2],"tags":[],"class_list":["post-157401","post","type-post","status-publish","format-standard","has-post-thumbnail","hentry","category-geral"],"_links":{"self":[{"href":"https:\/\/www.caririemacao.com\/1\/wp-json\/wp\/v2\/posts\/157401","targetHints":{"allow":["GET"]}}],"collection":[{"href":"https:\/\/www.caririemacao.com\/1\/wp-json\/wp\/v2\/posts"}],"about":[{"href":"https:\/\/www.caririemacao.com\/1\/wp-json\/wp\/v2\/types\/post"}],"author":[{"embeddable":true,"href":"https:\/\/www.caririemacao.com\/1\/wp-json\/wp\/v2\/users\/2"}],"replies":[{"embeddable":true,"href":"https:\/\/www.caririemacao.com\/1\/wp-json\/wp\/v2\/comments?post=157401"}],"version-history":[{"count":1,"href":"https:\/\/www.caririemacao.com\/1\/wp-json\/wp\/v2\/posts\/157401\/revisions"}],"predecessor-version":[{"id":157403,"href":"https:\/\/www.caririemacao.com\/1\/wp-json\/wp\/v2\/posts\/157401\/revisions\/157403"}],"wp:featuredmedia":[{"embeddable":true,"href":"https:\/\/www.caririemacao.com\/1\/wp-json\/wp\/v2\/media\/157402"}],"wp:attachment":[{"href":"https:\/\/www.caririemacao.com\/1\/wp-json\/wp\/v2\/media?parent=157401"}],"wp:term":[{"taxonomy":"category","embeddable":true,"href":"https:\/\/www.caririemacao.com\/1\/wp-json\/wp\/v2\/categories?post=157401"},{"taxonomy":"post_tag","embeddable":true,"href":"https:\/\/www.caririemacao.com\/1\/wp-json\/wp\/v2\/tags?post=157401"}],"curies":[{"name":"wp","href":"https:\/\/api.w.org\/{rel}","templated":true}]}}