{"id":157412,"date":"2020-03-11T09:56:20","date_gmt":"2020-03-11T12:56:20","guid":{"rendered":"http:\/\/www.caririemacao.com\/1\/?p=157412"},"modified":"2020-03-11T09:56:21","modified_gmt":"2020-03-11T12:56:21","slug":"sume-sedia-oficina-do-projeto-paraiba-rural-sustentavel-e-e-confirmado-como-sede-do-cooperar-no-cariri","status":"publish","type":"post","link":"https:\/\/www.caririemacao.com\/1\/2020\/03\/11\/sume-sedia-oficina-do-projeto-paraiba-rural-sustentavel-e-e-confirmado-como-sede-do-cooperar-no-cariri\/","title":{"rendered":"Sum\u00e9 sedia oficina do Projeto \u201cPara\u00edba Rural Sustent\u00e1vel\u201d e \u00e9 confirmado como sede do Cooperar no Cariri"},"content":{"rendered":"\n<p>O Governo do Estado, por meio da Secretaria da Agricultura Familiar e do Desenvolvimento do Semi\u00e1rido (Seafds) e do Projeto Cooperar, realizou na ter\u00e7a-feira (11), na C\u00e2mara de Vereadores de Sum\u00e9, uma oficina do Projeto \u201cPB Rural Sustent\u00e1vel\u201d com o objetivo de fortalecer os conselhos municipais de desenvolvimento rural sustent\u00e1vel dos munic\u00edpios de Sum\u00e9 e Amparo.<\/p>\n\n\n\n<div class=\"wp-block-image\"><figure class=\"alignright\"><img decoding=\"async\" data-src=\"http:\/\/deolhonocariri.com.br\/wp-content\/uploads\/2020\/03\/sume-1.jpg\" alt=\"\" class=\"wp-image-79012 lazyload\" src=\"data:image\/svg+xml;base64,PHN2ZyB3aWR0aD0iMSIgaGVpZ2h0PSIxIiB4bWxucz0iaHR0cDovL3d3dy53My5vcmcvMjAwMC9zdmciPjwvc3ZnPg==\" \/><\/figure><\/div>\n\n\n\n<p>O Para\u00edba Rural Sustent\u00e1vel ir\u00e1 contemplar os munic\u00edpios paraibanos da zona rural ou que vivem em pequenos aglomerados urbanos com at\u00e9 2,5 mil habitantes.<\/p>\n\n\n\n<p>Os investimentos dever\u00e3o ser feitos em implanta\u00e7\u00e3o de abastecimento de \u00e1gua completo, com perfura\u00e7\u00e3o de po\u00e7os, tratamento e distribui\u00e7\u00e3o at\u00e9 a casa do benefici\u00e1rio; abastecimento de \u00e1gua simplificado (po\u00e7os dessalinizadores, chafarizes e cisternas); e tecnologias e pr\u00e1ticas agropecu\u00e1rias, melhorando a conviv\u00eancia dos benefici\u00e1rios com as vulnerabilidades agroclim\u00e1ticas. Outra vertente dos investimentos ser\u00e1 o apoio \u00e0s Alian\u00e7as Produtivas atrav\u00e9s de Associa\u00e7\u00f5es e Cooperativas de produ\u00e7\u00e3o, na gest\u00e3o e acesso a mercados.<\/p>\n\n\n\n<p>Na oportunidade o coordenador regional do Cooperar no Cariri, Francisco de Assis Delgado, confirmou que Sum\u00e9 ser\u00e1 a sede do projeto e que ir\u00e1 atender 32 munic\u00edpios\u201d. Acreditamos que no come\u00e7o do pr\u00f3ximo m\u00eas a ger\u00eancia j\u00e1 estar\u00e1 funcionando em Sum\u00e9, estamos apenas aguardando a chegada dos m\u00f3veis, atrav\u00e9s de uma importante parceria com a Prefeitura de Sum\u00e9, estaremos atendendo a regi\u00e3o\u201d destacou.<\/p>\n\n\n\n<div class=\"wp-block-image\"><figure class=\"aligncenter\"><img decoding=\"async\" data-src=\"http:\/\/deolhonocariri.com.br\/wp-content\/uploads\/2020\/03\/sume-2.jpg\" alt=\"\" class=\"wp-image-79013 lazyload\" src=\"data:image\/svg+xml;base64,PHN2ZyB3aWR0aD0iMSIgaGVpZ2h0PSIxIiB4bWxucz0iaHR0cDovL3d3dy53My5vcmcvMjAwMC9zdmciPjwvc3ZnPg==\" \/><\/figure><\/div>\n\n\n\n<p>O prefeito de Sum\u00e9, \u00c9den Duarte, destacou mais uma conquista para Sum\u00e9 atrav\u00e9s da parceria com o Governo do Estado. \u201cO Cooperar ir\u00e1 contribuir para o desenvolvimento da regi\u00e3o, gerando emprego e oportunidades para as associa\u00e7\u00f5es que poder\u00e3o receber importantes investimentos\u201d, disse o prefeito.<\/p>\n\n\n\n<p><em>Ascom PMS<\/em><\/p>\n","protected":false},"excerpt":{"rendered":"<p>O Governo do Estado, por meio da Secretaria da Agricultura Familiar e do Desenvolvimento do Semi\u00e1rido (Seafds) e do Projeto Cooperar, realizou na ter\u00e7a-feira (11),&hellip; <\/p>\n","protected":false},"author":2,"featured_media":157414,"comment_status":"closed","ping_status":"closed","sticky":false,"template":"","format":"standard","meta":{"sfsi_plus_gutenberg_text_before_share":"","sfsi_plus_gutenberg_show_text_before_share":"","sfsi_plus_gutenberg_icon_type":"","sfsi_plus_gutenberg_icon_alignemt":"","sfsi_plus_gutenburg_max_per_row":"","footnotes":""},"categories":[50,2],"tags":[],"class_list":["post-157412","post","type-post","status-publish","format-standard","has-post-thumbnail","hentry","category-destaque","category-geral"],"_links":{"self":[{"href":"https:\/\/www.caririemacao.com\/1\/wp-json\/wp\/v2\/posts\/157412","targetHints":{"allow":["GET"]}}],"collection":[{"href":"https:\/\/www.caririemacao.com\/1\/wp-json\/wp\/v2\/posts"}],"about":[{"href":"https:\/\/www.caririemacao.com\/1\/wp-json\/wp\/v2\/types\/post"}],"author":[{"embeddable":true,"href":"https:\/\/www.caririemacao.com\/1\/wp-json\/wp\/v2\/users\/2"}],"replies":[{"embeddable":true,"href":"https:\/\/www.caririemacao.com\/1\/wp-json\/wp\/v2\/comments?post=157412"}],"version-history":[{"count":1,"href":"https:\/\/www.caririemacao.com\/1\/wp-json\/wp\/v2\/posts\/157412\/revisions"}],"predecessor-version":[{"id":157415,"href":"https:\/\/www.caririemacao.com\/1\/wp-json\/wp\/v2\/posts\/157412\/revisions\/157415"}],"wp:featuredmedia":[{"embeddable":true,"href":"https:\/\/www.caririemacao.com\/1\/wp-json\/wp\/v2\/media\/157414"}],"wp:attachment":[{"href":"https:\/\/www.caririemacao.com\/1\/wp-json\/wp\/v2\/media?parent=157412"}],"wp:term":[{"taxonomy":"category","embeddable":true,"href":"https:\/\/www.caririemacao.com\/1\/wp-json\/wp\/v2\/categories?post=157412"},{"taxonomy":"post_tag","embeddable":true,"href":"https:\/\/www.caririemacao.com\/1\/wp-json\/wp\/v2\/tags?post=157412"}],"curies":[{"name":"wp","href":"https:\/\/api.w.org\/{rel}","templated":true}]}}