{"id":157417,"date":"2020-03-11T10:04:21","date_gmt":"2020-03-11T13:04:21","guid":{"rendered":"http:\/\/www.caririemacao.com\/1\/?p=157417"},"modified":"2020-03-11T10:04:23","modified_gmt":"2020-03-11T13:04:23","slug":"monteiro-ubs-07-realiza-atendimentos-especiais-a-pacientes-obesos-hipertensos-e-diabeticos","status":"publish","type":"post","link":"https:\/\/www.caririemacao.com\/1\/2020\/03\/11\/monteiro-ubs-07-realiza-atendimentos-especiais-a-pacientes-obesos-hipertensos-e-diabeticos\/","title":{"rendered":"Monteiro: UBS 07 realiza atendimentos especiais a pacientes obesos, hipertensos e diab\u00e9ticos"},"content":{"rendered":"\n<p>A Unidade B\u00e1sica de Sa\u00fade 07 \u2013 Lucas Tom\u00e9 Monteiro, localizado no bairro Alto da Bela Vista, deu inicio no m\u00eas de mar\u00e7o a uma s\u00e9rie de atendimentos aos pacientes que foram diagnosticados com:\u00a0 diabetes, hipertens\u00e3o e obesidade, onde estar\u00e3o recebendo um acompanhamento para uma avalia\u00e7\u00e3o mais detalhada para o tratamento da doen\u00e7a.<\/p>\n\n\n\n<figure class=\"wp-block-image size-large\"><img fetchpriority=\"high\" decoding=\"async\" width=\"1024\" height=\"682\" src=\"http:\/\/www.caririemacao.com\/1\/wp-content\/uploads\/2020\/03\/unidade-basica-de-saude-07-realiza-atendimentos-especiais-a-pacientes-obesos-hipertensos-e-diabeticos-em-monteiro-10-1024x682.jpeg\" alt=\"\" class=\"wp-image-157427\" srcset=\"https:\/\/www.caririemacao.com\/1\/wp-content\/uploads\/2020\/03\/unidade-basica-de-saude-07-realiza-atendimentos-especiais-a-pacientes-obesos-hipertensos-e-diabeticos-em-monteiro-10-1024x682.jpeg 1024w, https:\/\/www.caririemacao.com\/1\/wp-content\/uploads\/2020\/03\/unidade-basica-de-saude-07-realiza-atendimentos-especiais-a-pacientes-obesos-hipertensos-e-diabeticos-em-monteiro-10-300x200.jpeg 300w, https:\/\/www.caririemacao.com\/1\/wp-content\/uploads\/2020\/03\/unidade-basica-de-saude-07-realiza-atendimentos-especiais-a-pacientes-obesos-hipertensos-e-diabeticos-em-monteiro-10-768x512.jpeg 768w, https:\/\/www.caririemacao.com\/1\/wp-content\/uploads\/2020\/03\/unidade-basica-de-saude-07-realiza-atendimentos-especiais-a-pacientes-obesos-hipertensos-e-diabeticos-em-monteiro-10.jpeg 1280w\" sizes=\"(max-width: 1024px) 100vw, 1024px\" \/><\/figure>\n\n\n\n<p>Os atendimentos contam com o apoio dos Agentes de Sa\u00fade Erivan, Leidayane e Marluce que realizam um trabalho di\u00e1rio em seus atendimentos, e nas visitas realizadas, identificando as necessidades dos pacientes e encaminhando para a equipe da Unidade de Sa\u00fade, produzindo um relat\u00f3rio para um atendimento mais detalhando.<\/p>\n\n\n\n<figure class=\"wp-block-image size-large\"><img decoding=\"async\" width=\"1024\" height=\"682\" data-src=\"http:\/\/www.caririemacao.com\/1\/wp-content\/uploads\/2020\/03\/unidade-basica-de-saude-07-realiza-atendimentos-especiais-a-pacientes-obesos-hipertensos-e-diabeticos-em-monteiro-2-1024x682.jpeg\" alt=\"\" class=\"wp-image-157428 lazyload\" data-srcset=\"https:\/\/www.caririemacao.com\/1\/wp-content\/uploads\/2020\/03\/unidade-basica-de-saude-07-realiza-atendimentos-especiais-a-pacientes-obesos-hipertensos-e-diabeticos-em-monteiro-2-1024x682.jpeg 1024w, https:\/\/www.caririemacao.com\/1\/wp-content\/uploads\/2020\/03\/unidade-basica-de-saude-07-realiza-atendimentos-especiais-a-pacientes-obesos-hipertensos-e-diabeticos-em-monteiro-2-300x200.jpeg 300w, https:\/\/www.caririemacao.com\/1\/wp-content\/uploads\/2020\/03\/unidade-basica-de-saude-07-realiza-atendimentos-especiais-a-pacientes-obesos-hipertensos-e-diabeticos-em-monteiro-2-768x512.jpeg 768w, https:\/\/www.caririemacao.com\/1\/wp-content\/uploads\/2020\/03\/unidade-basica-de-saude-07-realiza-atendimentos-especiais-a-pacientes-obesos-hipertensos-e-diabeticos-em-monteiro-2.jpeg 1280w\" data-sizes=\"(max-width: 1024px) 100vw, 1024px\" src=\"data:image\/svg+xml;base64,PHN2ZyB3aWR0aD0iMSIgaGVpZ2h0PSIxIiB4bWxucz0iaHR0cDovL3d3dy53My5vcmcvMjAwMC9zdmciPjwvc3ZnPg==\" style=\"--smush-placeholder-width: 1024px; --smush-placeholder-aspect-ratio: 1024\/682;\" \/><\/figure>\n\n\n\n<p><br>Durante o m\u00eas de mar\u00e7o foi preparado pela equipe uma s\u00e9rie de atividades a serem realizadas a cada segunda-feita pela manh\u00e3. Nestes momentos ser\u00e3o ministradas palestras de orienta\u00e7\u00f5es sobre cada caso, momento de atividades f\u00edsica, consultas para os pacientes obesos, diab\u00e9ticos e hipertensos e ao final ser\u00e1 oferecido um caf\u00e9 da manh\u00e3 especial.\u00a0\u00a0<br>Para Enfermeira Chefe da UBS-07, Marcela Galdino, esse projeto foi criado para oferecer uma aten\u00e7\u00e3o maior aos pacientes da unidade diagnosticados com obesidade, diabetes e hiperten\u00e7\u00e3o, onde pode-se acompanhar mais de perto o dia a dia de cada um, proporcionando um tratamento mais eficaz e que possa dar melhor qualidade de vida a todos. \u201cNosso objetivo \u00e9, e sempre ser\u00e1, oferecer o melhor aos nossos pacientes, desde o atendimento, diagn\u00f3stico e acompanhamento, para que ele venha a ter uma qualidade de vida cada vez melhor.\u201d \u2013 disse Marcela.<\/p>\n\n\n\n<p><br>Anna Lorena, prefeita da munic\u00edpio, tem acompanhado de perto todo o trabalho realizado pela Secretaria de Sa\u00fade, parabenizou a equipe da UBS-07 pelo trabalho oferecido aos pacientes e pela dedica\u00e7\u00e3o de fazer uma a\u00e7\u00e3o t\u00e3o importante como essa, atendendo, diagnosticando e acompanhado cada um de acordo com sua necessidade.<br>\u201cQuero aqui agradecer e parabenizar a toda equipe de sa\u00fade do munic\u00edpio, hoje em especial a equipe da UBS-07 que durante esse m\u00eas de mar\u00e7o estar\u00e3o realizando esse acompanhamento de forma especial e com mais cuidado com os nossos monteirenses, fico feliz em poder contar com quem quer trabalhar por uma sa\u00fade cada vez melhor para nosso munic\u00edpio\u201d, disse Anna Lorena \u2013 prefeita do munic\u00edpio.<\/p>\n","protected":false},"excerpt":{"rendered":"<p>A Unidade B\u00e1sica de Sa\u00fade 07 \u2013 Lucas Tom\u00e9 Monteiro, localizado no bairro Alto da Bela Vista, deu inicio no m\u00eas de mar\u00e7o a uma&hellip; <\/p>\n","protected":false},"author":1,"featured_media":157426,"comment_status":"closed","ping_status":"closed","sticky":false,"template":"","format":"standard","meta":{"sfsi_plus_gutenberg_text_before_share":"","sfsi_plus_gutenberg_show_text_before_share":"","sfsi_plus_gutenberg_icon_type":"","sfsi_plus_gutenberg_icon_alignemt":"","sfsi_plus_gutenburg_max_per_row":"","footnotes":""},"categories":[6,50],"tags":[],"class_list":["post-157417","post","type-post","status-publish","format-standard","has-post-thumbnail","hentry","category-cidades","category-destaque"],"_links":{"self":[{"href":"https:\/\/www.caririemacao.com\/1\/wp-json\/wp\/v2\/posts\/157417","targetHints":{"allow":["GET"]}}],"collection":[{"href":"https:\/\/www.caririemacao.com\/1\/wp-json\/wp\/v2\/posts"}],"about":[{"href":"https:\/\/www.caririemacao.com\/1\/wp-json\/wp\/v2\/types\/post"}],"author":[{"embeddable":true,"href":"https:\/\/www.caririemacao.com\/1\/wp-json\/wp\/v2\/users\/1"}],"replies":[{"embeddable":true,"href":"https:\/\/www.caririemacao.com\/1\/wp-json\/wp\/v2\/comments?post=157417"}],"version-history":[{"count":1,"href":"https:\/\/www.caririemacao.com\/1\/wp-json\/wp\/v2\/posts\/157417\/revisions"}],"predecessor-version":[{"id":157429,"href":"https:\/\/www.caririemacao.com\/1\/wp-json\/wp\/v2\/posts\/157417\/revisions\/157429"}],"wp:featuredmedia":[{"embeddable":true,"href":"https:\/\/www.caririemacao.com\/1\/wp-json\/wp\/v2\/media\/157426"}],"wp:attachment":[{"href":"https:\/\/www.caririemacao.com\/1\/wp-json\/wp\/v2\/media?parent=157417"}],"wp:term":[{"taxonomy":"category","embeddable":true,"href":"https:\/\/www.caririemacao.com\/1\/wp-json\/wp\/v2\/categories?post=157417"},{"taxonomy":"post_tag","embeddable":true,"href":"https:\/\/www.caririemacao.com\/1\/wp-json\/wp\/v2\/tags?post=157417"}],"curies":[{"name":"wp","href":"https:\/\/api.w.org\/{rel}","templated":true}]}}