{"id":157419,"date":"2020-03-11T09:58:56","date_gmt":"2020-03-11T12:58:56","guid":{"rendered":"http:\/\/www.caririemacao.com\/1\/?p=157419"},"modified":"2020-03-11T10:00:56","modified_gmt":"2020-03-11T13:00:56","slug":"empreender-pb-abre-nesta-terca-inscricoes-para-concessoes-de-credito-em-quatro-municipios-do-cariri","status":"publish","type":"post","link":"https:\/\/www.caririemacao.com\/1\/2020\/03\/11\/empreender-pb-abre-nesta-terca-inscricoes-para-concessoes-de-credito-em-quatro-municipios-do-cariri\/","title":{"rendered":"Empreender PB abre nesta ter\u00e7a inscri\u00e7\u00f5es para concess\u00f5es de cr\u00e9dito em quatro munic\u00edpios do Cariri"},"content":{"rendered":"\n<p>O programa Empreender Para\u00edba abre, nesta ter\u00e7a-feira (10), a partir das 8h, inscri\u00e7\u00f5es para concess\u00f5es de cr\u00e9dito para empreendedores de nove munic\u00edpios que desejam iniciar o seu pr\u00f3prio neg\u00f3cio ou fazer a amplia\u00e7\u00e3o de um j\u00e1 existente. As cidades que abrir\u00e3o os cadastros fazem parte das 3\u00aa e 5\u00aa Regi\u00f5es do Estado. S\u00e3o elas: Areia, Campina Grande, Cara\u00fabas, Coxixola, Fagundes, Massaranduba, Matinhas, Monteiro e S\u00e3o Sebasti\u00e3o do Umbuzeiro.<\/p>\n\n\n\n<p>Ser\u00e3o disponibilizadas 30 vagas por munic\u00edpio, com exce\u00e7\u00e3o de Campina Grande, onde ser\u00e3o ofertadas 200 vagas, com uma previs\u00e3o de 440 cadastros a serem realizados. O programa est\u00e1 dando prioridade \u00e0s cidades onde n\u00e3o foram abertas inscri\u00e7\u00f5es em 2019 ou que tiveram poucos atendimentos.<\/p>\n\n\n\n<p>As inscri\u00e7\u00f5es podem ser realizadas por pessoas f\u00edsicas maiores de 18 anos e legalmente emancipadas que residam na Para\u00edba h\u00e1 mais de seis meses. Os interessados devem acessar o endere\u00e7o eletr\u00f4nico www.empreender.pb.gov.br e realizar o cadastramento a partir da data e hor\u00e1rio de abertura de inscri\u00e7\u00f5es no seu munic\u00edpio.<\/p>\n\n\n\n<p>Os empreendedores que forem realizar o cadastro devem estar atentos \u00e0 documenta\u00e7\u00e3o exigida pelo Empreender no ato da inscri\u00e7\u00e3o. Essas informa\u00e7\u00f5es podem ser encontradas no Edital do programa dispon\u00edvel no site www.empreender.pb.gov.br .<\/p>\n\n\n\n<p>De olho no cariri<\/p>\n","protected":false},"excerpt":{"rendered":"<p>O programa Empreender Para\u00edba abre, nesta ter\u00e7a-feira (10), a partir das 8h, inscri\u00e7\u00f5es para concess\u00f5es de cr\u00e9dito para empreendedores de nove munic\u00edpios que desejam iniciar&hellip; <\/p>\n","protected":false},"author":2,"featured_media":157420,"comment_status":"closed","ping_status":"closed","sticky":false,"template":"","format":"standard","meta":{"sfsi_plus_gutenberg_text_before_share":"","sfsi_plus_gutenberg_show_text_before_share":"","sfsi_plus_gutenberg_icon_type":"","sfsi_plus_gutenberg_icon_alignemt":"","sfsi_plus_gutenburg_max_per_row":"","footnotes":""},"categories":[2],"tags":[],"class_list":["post-157419","post","type-post","status-publish","format-standard","has-post-thumbnail","hentry","category-geral"],"_links":{"self":[{"href":"https:\/\/www.caririemacao.com\/1\/wp-json\/wp\/v2\/posts\/157419","targetHints":{"allow":["GET"]}}],"collection":[{"href":"https:\/\/www.caririemacao.com\/1\/wp-json\/wp\/v2\/posts"}],"about":[{"href":"https:\/\/www.caririemacao.com\/1\/wp-json\/wp\/v2\/types\/post"}],"author":[{"embeddable":true,"href":"https:\/\/www.caririemacao.com\/1\/wp-json\/wp\/v2\/users\/2"}],"replies":[{"embeddable":true,"href":"https:\/\/www.caririemacao.com\/1\/wp-json\/wp\/v2\/comments?post=157419"}],"version-history":[{"count":2,"href":"https:\/\/www.caririemacao.com\/1\/wp-json\/wp\/v2\/posts\/157419\/revisions"}],"predecessor-version":[{"id":157424,"href":"https:\/\/www.caririemacao.com\/1\/wp-json\/wp\/v2\/posts\/157419\/revisions\/157424"}],"wp:featuredmedia":[{"embeddable":true,"href":"https:\/\/www.caririemacao.com\/1\/wp-json\/wp\/v2\/media\/157420"}],"wp:attachment":[{"href":"https:\/\/www.caririemacao.com\/1\/wp-json\/wp\/v2\/media?parent=157419"}],"wp:term":[{"taxonomy":"category","embeddable":true,"href":"https:\/\/www.caririemacao.com\/1\/wp-json\/wp\/v2\/categories?post=157419"},{"taxonomy":"post_tag","embeddable":true,"href":"https:\/\/www.caririemacao.com\/1\/wp-json\/wp\/v2\/tags?post=157419"}],"curies":[{"name":"wp","href":"https:\/\/api.w.org\/{rel}","templated":true}]}}