{"id":157425,"date":"2020-03-11T10:22:44","date_gmt":"2020-03-11T13:22:44","guid":{"rendered":"http:\/\/www.caririemacao.com\/1\/?p=157425"},"modified":"2020-03-11T10:22:46","modified_gmt":"2020-03-11T13:22:46","slug":"ronaldinho-gaucho-autografa-camisa-do-flamengo-dentro-do-presidio-no-paraguai","status":"publish","type":"post","link":"https:\/\/www.caririemacao.com\/1\/2020\/03\/11\/ronaldinho-gaucho-autografa-camisa-do-flamengo-dentro-do-presidio-no-paraguai\/","title":{"rendered":"Ronaldinho Ga\u00facho autografa camisa do Flamengo dentro do pres\u00eddio no Paraguai"},"content":{"rendered":"\n<p>Ronaldinho Ga\u00facho est\u00e1 preso na Agrup\u00e1cion Especializada da Policia Nacional, em Assun\u00e7\u00e3o, no Paraguai, desde a noite de sexta-feira, dia 6, onde mant\u00e9m seu status de estrela mundial. Ap\u00f3s imagens do ex-craque, que est\u00e1 em c\u00e1rcere privado por documentos falsificados, dentro da institui\u00e7\u00e3o viralizarem nesta ter\u00e7a-feira, outros registros chamaram aten\u00e7\u00e3o: o ex-meia autografando uma camisa do Flamengo, seu ex-clube, no mesmo pres\u00eddio.<\/p>\n\n\n\n<p>Nas imagens, o rapaz para em frente ao jogador para receber o aut\u00f3grafo dele em uma camisa de treino do Rubro-Negro. Em outro clique, R10 bebe \u00e1gua ao lado do rapaz, e depois o f\u00e3 exibe o uniforme com o que foi escrito pelo ex-jogador, que vestiu a camisa do Flamengo entre 2011 e 2012, com 72 partidas disputadas e 28 gols marcados.<\/p>\n\n\n\n<p>A roupa das novas imagens \u00e9 id\u00eantica as demais tr\u00eas fotos que vazaram do ex-jogador de dentro da cadeia, obtidas pelo jornalista paraguaio Hern\u00e1n Rodr\u00edguez, da emissora \u201cUnicanal\u201d, na segunda-feira.<\/p>\n\n\n\n<figure class=\"wp-block-image\"><img decoding=\"async\" data-src=\"https:\/\/www.clickpb.com.br\/media\/filer_public\/dd\/e4\/dde49ed0-4bc7-4142-ac51-517f810d5ead\/preso_autografo.jpg\" alt=\"\" src=\"data:image\/svg+xml;base64,PHN2ZyB3aWR0aD0iMSIgaGVpZ2h0PSIxIiB4bWxucz0iaHR0cDovL3d3dy53My5vcmcvMjAwMC9zdmciPjwvc3ZnPg==\" class=\"lazyload\" \/><\/figure>\n\n\n\n<p><strong>Adapta\u00e7\u00e3o na pris\u00e3o<\/strong><br>Ronaldinho est\u00e1 se adaptando rapidamente \u00e0 vida em uma pris\u00e3o do Paraguai, segundo o diretor do local, Blas Vera, em entrevista \u00e0 &#8220;Reuters&#8221; na segunda-feira. O chefe da instala\u00e7\u00e3o afirmou que os irm\u00e3os t\u00eam camas, uma televis\u00e3o e um ventilador em sua cela na pris\u00e3o situada nos arredores da capital Assun\u00e7\u00e3o.<\/p>\n\n\n\n<p>Os irm\u00e3os Assis usam um banheiro comunit\u00e1rio e t\u00eam direito de usar o p\u00e1tio externo com frequ\u00eancia. Os advogados da dupla lhes t\u00eam proporcionado as refei\u00e7\u00f5es, e eles n\u00e3o comeram a comida oferecida pela pris\u00e3o. A instala\u00e7\u00e3o de seguran\u00e7a m\u00e1xima tem cerca de 195 detentos, entre eles pol\u00edticos e policiais acusados de corrup\u00e7\u00e3o e traficantes de drogas renomados.<\/p>\n\n\n\n<p>&#8220;Em termos gerais, ele est\u00e1 indo muito bem. Vejo que ele est\u00e1 bem disposto, do jeito que voc\u00ea o v\u00ea na televis\u00e3o, sempre sorrindo&#8221;, disse Vera.<\/p>\n\n\n\n<p>Os prisioneiros mais perigosos est\u00e3o em uma ala diferente da de Ronaldinho, explicou Vera, acrescentando que est\u00e1 trabalhando para que a estadia dos irm\u00e3os seja &#8220;t\u00e3o confort\u00e1vel quanto poss\u00edvel&#8221;. Vera disse que outras pessoas presentes para a visita de praxe de domingo fizeram amizade com o brasileiro.<\/p>\n\n\n\n<p>&#8220;Tamb\u00e9m havia um grupo de meninos e meninas e ele lhes deu as boas-vindas, abra\u00e7ou-os e bateu papo com eles&#8221;, contou.<\/p>\n","protected":false},"excerpt":{"rendered":"<p>Ronaldinho Ga\u00facho est\u00e1 preso na Agrup\u00e1cion Especializada da Policia Nacional, em Assun\u00e7\u00e3o, no Paraguai, desde a noite de sexta-feira, dia 6, onde mant\u00e9m seu status&hellip; <\/p>\n","protected":false},"author":2,"featured_media":157430,"comment_status":"closed","ping_status":"closed","sticky":false,"template":"","format":"standard","meta":{"sfsi_plus_gutenberg_text_before_share":"","sfsi_plus_gutenberg_show_text_before_share":"","sfsi_plus_gutenberg_icon_type":"","sfsi_plus_gutenberg_icon_alignemt":"","sfsi_plus_gutenburg_max_per_row":"","footnotes":""},"categories":[2],"tags":[],"class_list":["post-157425","post","type-post","status-publish","format-standard","has-post-thumbnail","hentry","category-geral"],"_links":{"self":[{"href":"https:\/\/www.caririemacao.com\/1\/wp-json\/wp\/v2\/posts\/157425","targetHints":{"allow":["GET"]}}],"collection":[{"href":"https:\/\/www.caririemacao.com\/1\/wp-json\/wp\/v2\/posts"}],"about":[{"href":"https:\/\/www.caririemacao.com\/1\/wp-json\/wp\/v2\/types\/post"}],"author":[{"embeddable":true,"href":"https:\/\/www.caririemacao.com\/1\/wp-json\/wp\/v2\/users\/2"}],"replies":[{"embeddable":true,"href":"https:\/\/www.caririemacao.com\/1\/wp-json\/wp\/v2\/comments?post=157425"}],"version-history":[{"count":1,"href":"https:\/\/www.caririemacao.com\/1\/wp-json\/wp\/v2\/posts\/157425\/revisions"}],"predecessor-version":[{"id":157431,"href":"https:\/\/www.caririemacao.com\/1\/wp-json\/wp\/v2\/posts\/157425\/revisions\/157431"}],"wp:featuredmedia":[{"embeddable":true,"href":"https:\/\/www.caririemacao.com\/1\/wp-json\/wp\/v2\/media\/157430"}],"wp:attachment":[{"href":"https:\/\/www.caririemacao.com\/1\/wp-json\/wp\/v2\/media?parent=157425"}],"wp:term":[{"taxonomy":"category","embeddable":true,"href":"https:\/\/www.caririemacao.com\/1\/wp-json\/wp\/v2\/categories?post=157425"},{"taxonomy":"post_tag","embeddable":true,"href":"https:\/\/www.caririemacao.com\/1\/wp-json\/wp\/v2\/tags?post=157425"}],"curies":[{"name":"wp","href":"https:\/\/api.w.org\/{rel}","templated":true}]}}