{"id":157432,"date":"2020-03-11T10:25:21","date_gmt":"2020-03-11T13:25:21","guid":{"rendered":"http:\/\/www.caririemacao.com\/1\/?p=157432"},"modified":"2020-03-11T10:25:35","modified_gmt":"2020-03-11T13:25:35","slug":"mpf-volta-a-pedir-prisao-de-ricardo-coutinho-e-investigados-pela-operacao-calvario","status":"publish","type":"post","link":"https:\/\/www.caririemacao.com\/1\/2020\/03\/11\/mpf-volta-a-pedir-prisao-de-ricardo-coutinho-e-investigados-pela-operacao-calvario\/","title":{"rendered":"MPF volta a pedir pris\u00e3o de Ricardo Coutinho e investigados pela Opera\u00e7\u00e3o Calv\u00e1rio"},"content":{"rendered":"\n<p>O Minist\u00e9rio P\u00fablico Federal (MPF) pediu nessa segunda-feira (9) que o Superior Tribunal de Justi\u00e7a restabele\u00e7a a pris\u00e3o dos investigados na Opera\u00e7\u00e3o Calv\u00e1rio, que foram beneficiados pelo Habeas Corpus concedido pela Corte ao ex-governador paraibano Ricardo Coutinho. As informa\u00e7\u00f5es s\u00e3o da revista Veja.<\/p>\n\n\n\n<p>Para o MPF, \u00e9 invi\u00e1vel a aplica\u00e7\u00e3o de medida cautelar diversa da pris\u00e3o em caso de organiza\u00e7\u00e3o criminosa, segundo jurisprud\u00eancia do pr\u00f3prio Superior Tribunal de Justi\u00e7a (STJ).&nbsp;<\/p>\n\n\n\n<p>Por isso, o MPF quer devolver \u00e0 pris\u00e3o Coriolano Coutinho, Bruno Miguel Teixeira de Avelar Pereira Caldas, Jos\u00e9 Arthur Viana Teixeira, Valdemar \u00c1bila, Denise Krummenauer Pahim, Breno Dornelles Pahim Neto, Waldson Dias de Souza e Gilberto Carneiro da Gama.<\/p>\n\n\n\n<p>Com a extens\u00e3o do habeas corpus de Coutinho, esses r\u00e9us foram postos em liberdade, limitando-se a cumprir medidas como comparecimento peri\u00f3dico em ju\u00edzo, proibi\u00e7\u00e3o de manter contato com os demais investigados, proibi\u00e7\u00e3o de sair da comarca sem autoriza\u00e7\u00e3o do ju\u00edzo, afastamento de atividades econ\u00f4micas ou financeiras que tenham rela\u00e7\u00e3o com os fatos apurados na opera\u00e7\u00e3o e proibi\u00e7\u00e3o do exerc\u00edcio de cargo ou fun\u00e7\u00e3o p\u00fablica no estado da Para\u00edba e nos munic\u00edpios paraibanos.<\/p>\n","protected":false},"excerpt":{"rendered":"<p>O Minist\u00e9rio P\u00fablico Federal (MPF) pediu nessa segunda-feira (9) que o Superior Tribunal de Justi\u00e7a restabele\u00e7a a pris\u00e3o dos investigados na Opera\u00e7\u00e3o Calv\u00e1rio, que foram&hellip; <\/p>\n","protected":false},"author":2,"featured_media":157433,"comment_status":"closed","ping_status":"closed","sticky":false,"template":"","format":"standard","meta":{"sfsi_plus_gutenberg_text_before_share":"","sfsi_plus_gutenberg_show_text_before_share":"","sfsi_plus_gutenberg_icon_type":"","sfsi_plus_gutenberg_icon_alignemt":"","sfsi_plus_gutenburg_max_per_row":"","footnotes":""},"categories":[2],"tags":[],"class_list":["post-157432","post","type-post","status-publish","format-standard","has-post-thumbnail","hentry","category-geral"],"_links":{"self":[{"href":"https:\/\/www.caririemacao.com\/1\/wp-json\/wp\/v2\/posts\/157432","targetHints":{"allow":["GET"]}}],"collection":[{"href":"https:\/\/www.caririemacao.com\/1\/wp-json\/wp\/v2\/posts"}],"about":[{"href":"https:\/\/www.caririemacao.com\/1\/wp-json\/wp\/v2\/types\/post"}],"author":[{"embeddable":true,"href":"https:\/\/www.caririemacao.com\/1\/wp-json\/wp\/v2\/users\/2"}],"replies":[{"embeddable":true,"href":"https:\/\/www.caririemacao.com\/1\/wp-json\/wp\/v2\/comments?post=157432"}],"version-history":[{"count":1,"href":"https:\/\/www.caririemacao.com\/1\/wp-json\/wp\/v2\/posts\/157432\/revisions"}],"predecessor-version":[{"id":157434,"href":"https:\/\/www.caririemacao.com\/1\/wp-json\/wp\/v2\/posts\/157432\/revisions\/157434"}],"wp:featuredmedia":[{"embeddable":true,"href":"https:\/\/www.caririemacao.com\/1\/wp-json\/wp\/v2\/media\/157433"}],"wp:attachment":[{"href":"https:\/\/www.caririemacao.com\/1\/wp-json\/wp\/v2\/media?parent=157432"}],"wp:term":[{"taxonomy":"category","embeddable":true,"href":"https:\/\/www.caririemacao.com\/1\/wp-json\/wp\/v2\/categories?post=157432"},{"taxonomy":"post_tag","embeddable":true,"href":"https:\/\/www.caririemacao.com\/1\/wp-json\/wp\/v2\/tags?post=157432"}],"curies":[{"name":"wp","href":"https:\/\/api.w.org\/{rel}","templated":true}]}}