{"id":157436,"date":"2020-03-11T11:38:58","date_gmt":"2020-03-11T14:38:58","guid":{"rendered":"http:\/\/www.caririemacao.com\/1\/?p=157436"},"modified":"2020-03-11T11:39:00","modified_gmt":"2020-03-11T14:39:00","slug":"camalau-secretaria-de-trabalho-e-acao-social-promove-palestra-sobre-mudancas-no-programa-bolsa-familia","status":"publish","type":"post","link":"https:\/\/www.caririemacao.com\/1\/2020\/03\/11\/camalau-secretaria-de-trabalho-e-acao-social-promove-palestra-sobre-mudancas-no-programa-bolsa-familia\/","title":{"rendered":"Camala\u00fa: Secretaria de Trabalho e A\u00e7\u00e3o Social promove palestra sobre mudan\u00e7as no programa Bolsa Fam\u00edlia"},"content":{"rendered":"\n<p>O Governo Municipal de Camala\u00fa, atrav\u00e9s da Secretaria de Trabalho e A\u00e7\u00e3o Social, promoveu neste dia 11 de mar\u00e7o de 2020, uma palestra sobre as mudan\u00e7as no programa Bolsa Fam\u00edlia.<\/p>\n\n\n\n<figure class=\"wp-block-image size-large\"><img fetchpriority=\"high\" decoding=\"async\" width=\"1024\" height=\"576\" src=\"http:\/\/www.caririemacao.com\/1\/wp-content\/uploads\/2020\/03\/IMG-20200311-WA0073-1-1024x576.jpg\" alt=\"\" class=\"wp-image-157439\" srcset=\"https:\/\/www.caririemacao.com\/1\/wp-content\/uploads\/2020\/03\/IMG-20200311-WA0073-1-1024x576.jpg 1024w, https:\/\/www.caririemacao.com\/1\/wp-content\/uploads\/2020\/03\/IMG-20200311-WA0073-1-300x169.jpg 300w, https:\/\/www.caririemacao.com\/1\/wp-content\/uploads\/2020\/03\/IMG-20200311-WA0073-1-768x432.jpg 768w, https:\/\/www.caririemacao.com\/1\/wp-content\/uploads\/2020\/03\/IMG-20200311-WA0073-1.jpg 1032w\" sizes=\"(max-width: 1024px) 100vw, 1024px\" \/><\/figure>\n\n\n\n<p>A palestra foi ministrada por Neto. E contou com a presen\u00e7a de muitos benefici\u00e1rios do munic\u00edpio de Camala\u00fa. <\/p>\n\n\n\n<figure class=\"wp-block-image size-large\"><img decoding=\"async\" width=\"1024\" height=\"456\" data-src=\"http:\/\/www.caririemacao.com\/1\/wp-content\/uploads\/2020\/03\/IMG-20200311-WA0074-1024x456.jpg\" alt=\"\" class=\"wp-image-157440 lazyload\" data-srcset=\"https:\/\/www.caririemacao.com\/1\/wp-content\/uploads\/2020\/03\/IMG-20200311-WA0074-1024x456.jpg 1024w, https:\/\/www.caririemacao.com\/1\/wp-content\/uploads\/2020\/03\/IMG-20200311-WA0074-300x134.jpg 300w, https:\/\/www.caririemacao.com\/1\/wp-content\/uploads\/2020\/03\/IMG-20200311-WA0074-768x342.jpg 768w, https:\/\/www.caririemacao.com\/1\/wp-content\/uploads\/2020\/03\/IMG-20200311-WA0074.jpg 1280w\" data-sizes=\"(max-width: 1024px) 100vw, 1024px\" src=\"data:image\/svg+xml;base64,PHN2ZyB3aWR0aD0iMSIgaGVpZ2h0PSIxIiB4bWxucz0iaHR0cDovL3d3dy53My5vcmcvMjAwMC9zdmciPjwvc3ZnPg==\" style=\"--smush-placeholder-width: 1024px; --smush-placeholder-aspect-ratio: 1024\/456;\" \/><\/figure>\n\n\n\n<p><br>O evento contou ainda com um caf\u00e9 da manh\u00e3 refor\u00e7ado e muito forr\u00f3, para todos os benefici\u00e1rios que se fizeram presentes. <\/p>\n","protected":false},"excerpt":{"rendered":"<p>O Governo Municipal de Camala\u00fa, atrav\u00e9s da Secretaria de Trabalho e A\u00e7\u00e3o Social, promoveu neste dia 11 de mar\u00e7o de 2020, uma palestra sobre as&hellip; <\/p>\n","protected":false},"author":1,"featured_media":157438,"comment_status":"closed","ping_status":"closed","sticky":false,"template":"","format":"standard","meta":{"sfsi_plus_gutenberg_text_before_share":"","sfsi_plus_gutenberg_show_text_before_share":"","sfsi_plus_gutenberg_icon_type":"","sfsi_plus_gutenberg_icon_alignemt":"","sfsi_plus_gutenburg_max_per_row":"","footnotes":""},"categories":[1],"tags":[],"class_list":["post-157436","post","type-post","status-publish","format-standard","has-post-thumbnail","hentry","category-o-site"],"_links":{"self":[{"href":"https:\/\/www.caririemacao.com\/1\/wp-json\/wp\/v2\/posts\/157436","targetHints":{"allow":["GET"]}}],"collection":[{"href":"https:\/\/www.caririemacao.com\/1\/wp-json\/wp\/v2\/posts"}],"about":[{"href":"https:\/\/www.caririemacao.com\/1\/wp-json\/wp\/v2\/types\/post"}],"author":[{"embeddable":true,"href":"https:\/\/www.caririemacao.com\/1\/wp-json\/wp\/v2\/users\/1"}],"replies":[{"embeddable":true,"href":"https:\/\/www.caririemacao.com\/1\/wp-json\/wp\/v2\/comments?post=157436"}],"version-history":[{"count":1,"href":"https:\/\/www.caririemacao.com\/1\/wp-json\/wp\/v2\/posts\/157436\/revisions"}],"predecessor-version":[{"id":157441,"href":"https:\/\/www.caririemacao.com\/1\/wp-json\/wp\/v2\/posts\/157436\/revisions\/157441"}],"wp:featuredmedia":[{"embeddable":true,"href":"https:\/\/www.caririemacao.com\/1\/wp-json\/wp\/v2\/media\/157438"}],"wp:attachment":[{"href":"https:\/\/www.caririemacao.com\/1\/wp-json\/wp\/v2\/media?parent=157436"}],"wp:term":[{"taxonomy":"category","embeddable":true,"href":"https:\/\/www.caririemacao.com\/1\/wp-json\/wp\/v2\/categories?post=157436"},{"taxonomy":"post_tag","embeddable":true,"href":"https:\/\/www.caririemacao.com\/1\/wp-json\/wp\/v2\/tags?post=157436"}],"curies":[{"name":"wp","href":"https:\/\/api.w.org\/{rel}","templated":true}]}}