{"id":157443,"date":"2020-03-11T12:14:40","date_gmt":"2020-03-11T15:14:40","guid":{"rendered":"http:\/\/www.caririemacao.com\/1\/?p=157443"},"modified":"2020-03-11T12:14:42","modified_gmt":"2020-03-11T15:14:42","slug":"camalau-secretaria-de-saude-promove-palestra-sobre-campanha-contra-a-gripe-com-o-grupo-melhor-idade","status":"publish","type":"post","link":"https:\/\/www.caririemacao.com\/1\/2020\/03\/11\/camalau-secretaria-de-saude-promove-palestra-sobre-campanha-contra-a-gripe-com-o-grupo-melhor-idade\/","title":{"rendered":"Camala\u00fa: Secretaria de Sa\u00fade promove palestra sobre Campanha contra a gripe com o grupo &#8220;Melhor Idade&#8221;"},"content":{"rendered":"\n<p>O Governo Municipal de Camala\u00fa, atrav\u00e9s da Secretaria de Sa\u00fade, promoveu neste dia 11 de mar\u00e7o de 2020, palestra sobre a campanha contra a gripe com o grupo da &#8220;Melhor Idade&#8221;.<br><\/p>\n\n\n\n<p>A palestra contou com a presen\u00e7a de alguns hipertensos e tamb\u00e9m da Terceira Idade. A palestra foi ministrada pela enfermeira Edilma e a auxiliar Veridiana <\/p>\n","protected":false},"excerpt":{"rendered":"<p>O Governo Municipal de Camala\u00fa, atrav\u00e9s da Secretaria de Sa\u00fade, promoveu neste dia 11 de mar\u00e7o de 2020, palestra sobre a campanha contra a gripe&hellip; <\/p>\n","protected":false},"author":1,"featured_media":157444,"comment_status":"closed","ping_status":"closed","sticky":false,"template":"","format":"standard","meta":{"sfsi_plus_gutenberg_text_before_share":"","sfsi_plus_gutenberg_show_text_before_share":"","sfsi_plus_gutenberg_icon_type":"","sfsi_plus_gutenberg_icon_alignemt":"","sfsi_plus_gutenburg_max_per_row":"","footnotes":""},"categories":[6,50],"tags":[],"class_list":["post-157443","post","type-post","status-publish","format-standard","has-post-thumbnail","hentry","category-cidades","category-destaque"],"_links":{"self":[{"href":"https:\/\/www.caririemacao.com\/1\/wp-json\/wp\/v2\/posts\/157443","targetHints":{"allow":["GET"]}}],"collection":[{"href":"https:\/\/www.caririemacao.com\/1\/wp-json\/wp\/v2\/posts"}],"about":[{"href":"https:\/\/www.caririemacao.com\/1\/wp-json\/wp\/v2\/types\/post"}],"author":[{"embeddable":true,"href":"https:\/\/www.caririemacao.com\/1\/wp-json\/wp\/v2\/users\/1"}],"replies":[{"embeddable":true,"href":"https:\/\/www.caririemacao.com\/1\/wp-json\/wp\/v2\/comments?post=157443"}],"version-history":[{"count":2,"href":"https:\/\/www.caririemacao.com\/1\/wp-json\/wp\/v2\/posts\/157443\/revisions"}],"predecessor-version":[{"id":157451,"href":"https:\/\/www.caririemacao.com\/1\/wp-json\/wp\/v2\/posts\/157443\/revisions\/157451"}],"wp:featuredmedia":[{"embeddable":true,"href":"https:\/\/www.caririemacao.com\/1\/wp-json\/wp\/v2\/media\/157444"}],"wp:attachment":[{"href":"https:\/\/www.caririemacao.com\/1\/wp-json\/wp\/v2\/media?parent=157443"}],"wp:term":[{"taxonomy":"category","embeddable":true,"href":"https:\/\/www.caririemacao.com\/1\/wp-json\/wp\/v2\/categories?post=157443"},{"taxonomy":"post_tag","embeddable":true,"href":"https:\/\/www.caririemacao.com\/1\/wp-json\/wp\/v2\/tags?post=157443"}],"curies":[{"name":"wp","href":"https:\/\/api.w.org\/{rel}","templated":true}]}}