{"id":157446,"date":"2020-03-11T12:42:19","date_gmt":"2020-03-11T15:42:19","guid":{"rendered":"http:\/\/www.caririemacao.com\/1\/?p=157446"},"modified":"2020-03-11T12:42:20","modified_gmt":"2020-03-11T15:42:20","slug":"ouro-velho-prefeitura-e-secretaria-de-assistencia-social-realizam-entrega-de-ovos-e-frangos-as-familias-carentes","status":"publish","type":"post","link":"https:\/\/www.caririemacao.com\/1\/2020\/03\/11\/ouro-velho-prefeitura-e-secretaria-de-assistencia-social-realizam-entrega-de-ovos-e-frangos-as-familias-carentes\/","title":{"rendered":"Ouro Velho: Prefeitura e Secretaria de Assist\u00eancia Social realizam entrega de ovos e frangos \u00e0s fam\u00edlias carentes"},"content":{"rendered":"\n<p>A Prefeitura Municipal de Ouro Velho juntamente com a  Secretaria Municipal de Assist\u00eancia Social realizou nesta \u00faltima ter\u00e7a feira dia 10, na sede da prefeitura a entrega de mais de 1.200 bandejas de ovos e mais de 3 mil kilos de frangos. <\/p>\n\n\n\n<p>O objetivo da  a\u00e7\u00e3o da prefeitura municipal \u00e9 de  beneficiar as fam\u00edlias carentes, que est\u00e3o cadastradas nos programas sociais do munic\u00edpio. Com isso, diminuir o n\u00famero de pessoas que se encontram em situa\u00e7\u00f5es de vulnerabilidade econ\u00f4mica e social. <\/p>\n\n\n\n<figure class=\"wp-block-image size-large\"><img fetchpriority=\"high\" decoding=\"async\" width=\"768\" height=\"1024\" src=\"http:\/\/www.caririemacao.com\/1\/wp-content\/uploads\/2020\/03\/IMG-20200310-WA0195-1-768x1024.jpg\" alt=\"\" class=\"wp-image-157473\" srcset=\"https:\/\/www.caririemacao.com\/1\/wp-content\/uploads\/2020\/03\/IMG-20200310-WA0195-1-768x1024.jpg 768w, https:\/\/www.caririemacao.com\/1\/wp-content\/uploads\/2020\/03\/IMG-20200310-WA0195-1-225x300.jpg 225w, https:\/\/www.caririemacao.com\/1\/wp-content\/uploads\/2020\/03\/IMG-20200310-WA0195-1.jpg 960w\" sizes=\"(max-width: 768px) 100vw, 768px\" \/><\/figure>\n\n\n\n<p>A prefeita Nat\u00e1lia de Dr. J\u00fanior resolveu ampliar o cadastro para mais pessoas se beneficiarem da a\u00e7\u00e3o, por conta da alta demanda da popula\u00e7\u00e3o atr\u00e1s de mais um beneficio oferecido pela prefeitura<\/p>\n\n\n\n<p>Foram mais de 450 fichas entregues, para as pessoas que se cadastraram durante a semana, onde cada pessoa levou para casa uma bandeja de ovos e dois frangos. <\/p>\n\n\n\n<p> O evento contou com a presen\u00e7a do  vice-prefeito Fl\u00e1vio Henrique, representando a prefeita Nat\u00e1lia, os vereadores,  Givaldo, Val, Paulinho de Juca, Erivonaldo, Marta Presidente da C\u00e2mara, Juca. Os Secret\u00e1rios:   Paulo de Marta, Wendel, Edjane Cabral, Ludmila Nunes, a Assistente Social Gaby, e Aline Lucena. O Advogado da prefeitura Dr. Augusto Valadares, funcion\u00e1rios, e a popula\u00e7\u00e3o ourovelhense. <\/p>\n\n\n\n<figure class=\"wp-block-image size-large\"><img decoding=\"async\" width=\"768\" height=\"1024\" data-src=\"http:\/\/www.caririemacao.com\/1\/wp-content\/uploads\/2020\/03\/IMG-20200311-WA0004-768x1024.jpg\" alt=\"\" class=\"wp-image-157472 lazyload\" data-srcset=\"https:\/\/www.caririemacao.com\/1\/wp-content\/uploads\/2020\/03\/IMG-20200311-WA0004-768x1024.jpg 768w, https:\/\/www.caririemacao.com\/1\/wp-content\/uploads\/2020\/03\/IMG-20200311-WA0004-225x300.jpg 225w, https:\/\/www.caririemacao.com\/1\/wp-content\/uploads\/2020\/03\/IMG-20200311-WA0004.jpg 960w\" data-sizes=\"(max-width: 768px) 100vw, 768px\" src=\"data:image\/svg+xml;base64,PHN2ZyB3aWR0aD0iMSIgaGVpZ2h0PSIxIiB4bWxucz0iaHR0cDovL3d3dy53My5vcmcvMjAwMC9zdmciPjwvc3ZnPg==\" style=\"--smush-placeholder-width: 768px; --smush-placeholder-aspect-ratio: 768\/1024;\" \/><\/figure>\n\n\n\n<p>Por fim, Dr. Junior anunciou que na semana Santa ser\u00e1 distribu\u00eddo Peixes e Cesta B\u00e1sicas, e que logo mais a Secretaria de Assist\u00eancia Social, ir\u00e1 divulgar os dias para o cadastro.<\/p>\n\n\n\n<figure class=\"wp-block-image size-large\"><img decoding=\"async\" width=\"764\" height=\"1024\" data-src=\"http:\/\/www.caririemacao.com\/1\/wp-content\/uploads\/2020\/03\/IMG-20200310-WA0200-764x1024.jpg\" alt=\"\" class=\"wp-image-157471 lazyload\" data-srcset=\"https:\/\/www.caririemacao.com\/1\/wp-content\/uploads\/2020\/03\/IMG-20200310-WA0200-764x1024.jpg 764w, https:\/\/www.caririemacao.com\/1\/wp-content\/uploads\/2020\/03\/IMG-20200310-WA0200-224x300.jpg 224w, https:\/\/www.caririemacao.com\/1\/wp-content\/uploads\/2020\/03\/IMG-20200310-WA0200-768x1030.jpg 768w, https:\/\/www.caririemacao.com\/1\/wp-content\/uploads\/2020\/03\/IMG-20200310-WA0200.jpg 828w\" data-sizes=\"(max-width: 764px) 100vw, 764px\" src=\"data:image\/svg+xml;base64,PHN2ZyB3aWR0aD0iMSIgaGVpZ2h0PSIxIiB4bWxucz0iaHR0cDovL3d3dy53My5vcmcvMjAwMC9zdmciPjwvc3ZnPg==\" style=\"--smush-placeholder-width: 764px; --smush-placeholder-aspect-ratio: 764\/1024;\" \/><\/figure>\n","protected":false},"excerpt":{"rendered":"<p>A Prefeitura Municipal de Ouro Velho juntamente com a Secretaria Municipal de Assist\u00eancia Social realizou nesta \u00faltima ter\u00e7a feira dia 10, na sede da prefeitura&hellip; <\/p>\n","protected":false},"author":1,"featured_media":157469,"comment_status":"closed","ping_status":"closed","sticky":false,"template":"","format":"standard","meta":{"sfsi_plus_gutenberg_text_before_share":"","sfsi_plus_gutenberg_show_text_before_share":"","sfsi_plus_gutenberg_icon_type":"","sfsi_plus_gutenberg_icon_alignemt":"","sfsi_plus_gutenburg_max_per_row":"","footnotes":""},"categories":[6,50],"tags":[],"class_list":["post-157446","post","type-post","status-publish","format-standard","has-post-thumbnail","hentry","category-cidades","category-destaque"],"_links":{"self":[{"href":"https:\/\/www.caririemacao.com\/1\/wp-json\/wp\/v2\/posts\/157446","targetHints":{"allow":["GET"]}}],"collection":[{"href":"https:\/\/www.caririemacao.com\/1\/wp-json\/wp\/v2\/posts"}],"about":[{"href":"https:\/\/www.caririemacao.com\/1\/wp-json\/wp\/v2\/types\/post"}],"author":[{"embeddable":true,"href":"https:\/\/www.caririemacao.com\/1\/wp-json\/wp\/v2\/users\/1"}],"replies":[{"embeddable":true,"href":"https:\/\/www.caririemacao.com\/1\/wp-json\/wp\/v2\/comments?post=157446"}],"version-history":[{"count":3,"href":"https:\/\/www.caririemacao.com\/1\/wp-json\/wp\/v2\/posts\/157446\/revisions"}],"predecessor-version":[{"id":157474,"href":"https:\/\/www.caririemacao.com\/1\/wp-json\/wp\/v2\/posts\/157446\/revisions\/157474"}],"wp:featuredmedia":[{"embeddable":true,"href":"https:\/\/www.caririemacao.com\/1\/wp-json\/wp\/v2\/media\/157469"}],"wp:attachment":[{"href":"https:\/\/www.caririemacao.com\/1\/wp-json\/wp\/v2\/media?parent=157446"}],"wp:term":[{"taxonomy":"category","embeddable":true,"href":"https:\/\/www.caririemacao.com\/1\/wp-json\/wp\/v2\/categories?post=157446"},{"taxonomy":"post_tag","embeddable":true,"href":"https:\/\/www.caririemacao.com\/1\/wp-json\/wp\/v2\/tags?post=157446"}],"curies":[{"name":"wp","href":"https:\/\/api.w.org\/{rel}","templated":true}]}}