{"id":157458,"date":"2020-03-11T12:36:13","date_gmt":"2020-03-11T15:36:13","guid":{"rendered":"http:\/\/www.caririemacao.com\/1\/?p=157458"},"modified":"2020-03-11T12:36:14","modified_gmt":"2020-03-11T15:36:14","slug":"detran-reprova-60-dos-veiculos-escolares-durante-vistoria-na-paraiba","status":"publish","type":"post","link":"https:\/\/www.caririemacao.com\/1\/2020\/03\/11\/detran-reprova-60-dos-veiculos-escolares-durante-vistoria-na-paraiba\/","title":{"rendered":"Detran reprova 60% dos ve\u00edculos escolares durante vistoria na Para\u00edba"},"content":{"rendered":"\n<p>O Departamento Estadual de Tr\u00e2nsito (Detran-PB) e o Minist\u00e9rio P\u00fablico da Para\u00edba (MPPB) deram continuidade \u00e0s vistorias do primeiro semestre de 2020, para fiscalizar os transportes escolares dos munic\u00edpios do estado. De um total de 295 ve\u00edculos fiscalizados, 176 foram reprovados, o que corresponde a 60%.<br>&nbsp;<br>As vistorias v\u00eam sendo realizadas desde 2013, englobando \u00f4nibus, vans e autom\u00f3veis. No s\u00e1bado passado, a fiscaliza\u00e7\u00e3o ocorreu simultaneamente nas Ciretrans de Princesa Isabel e Sousa, envolvendo os transportes escolares de 16 munic\u00edpios. No domingo, a vistoria foi realizada em Monteiro e Teixeira, englobando os ve\u00edculos de 27 cidades.<br>&nbsp;<br>Conforme relat\u00f3rio divulgado pela Ger\u00eancia Operacional de Vistoria e Emplacamento, nesse fim de semana um total de 43 cidades foram convocadas a apresentar seus ve\u00edculos para avalia\u00e7\u00e3o. Os transportes escolares das prefeituras dos munic\u00edpios de Aparecida, S\u00e3o Sebasti\u00e3o do Umbuzeiro e Amparo n\u00e3o compareceram.<\/p>\n\n\n\n<p>Segundo o coordenador de Vistorias de Transporte Escolar do Detran-PB, Renato Prado, os itens que mais reprovam no quesito ve\u00edculos s\u00e3o pneus, extintores e cinto de seguran\u00e7a. J\u00e1 no tocante aos motoristas, a maioria trafega sem comprova\u00e7\u00e3o do curso espec\u00edfico de condutor de transporte escolar e sem constar a informa\u00e7\u00e3o obrigat\u00f3ria de atividade remunerada na carteira de habilita\u00e7\u00e3o (CNH).<\/p>\n\n\n\n<p>Duas equipes de vistoriadores do Detran-PB, participaram da fiscaliza\u00e7\u00e3o. Compostas pela autarquia de tr\u00e2nsito, em parceria com o MPPB e demais \u00f3rg\u00e3os envolvidos, elas atuar\u00e3o nos finais de semana dos meses de fevereiro a junho. Em maio, ser\u00e1 divulgado o calend\u00e1rio para o segundo semestre.<br>&nbsp;<br>A fiscaliza\u00e7\u00e3o \u00e9 feita pelo Detran, com o apoio do MPPB, Batalh\u00e3o de Policiamento de Tr\u00e2nsito (BPTran), Pol\u00edcia Rodovi\u00e1ria Federal (PRF), Instituto de Metrologia e Qualidade (Imeq), Instituto Nacional de Metrologia, Qualidade e Tecnologia (Inmetro) e Departamento de Estradas de Rodagens (DER).<\/p>\n","protected":false},"excerpt":{"rendered":"<p>O Departamento Estadual de Tr\u00e2nsito (Detran-PB) e o Minist\u00e9rio P\u00fablico da Para\u00edba (MPPB) deram continuidade \u00e0s vistorias do primeiro semestre de 2020, para fiscalizar os&hellip; <\/p>\n","protected":false},"author":2,"featured_media":157461,"comment_status":"closed","ping_status":"closed","sticky":false,"template":"","format":"standard","meta":{"sfsi_plus_gutenberg_text_before_share":"","sfsi_plus_gutenberg_show_text_before_share":"","sfsi_plus_gutenberg_icon_type":"","sfsi_plus_gutenberg_icon_alignemt":"","sfsi_plus_gutenburg_max_per_row":"","footnotes":""},"categories":[2],"tags":[],"class_list":["post-157458","post","type-post","status-publish","format-standard","has-post-thumbnail","hentry","category-geral"],"_links":{"self":[{"href":"https:\/\/www.caririemacao.com\/1\/wp-json\/wp\/v2\/posts\/157458","targetHints":{"allow":["GET"]}}],"collection":[{"href":"https:\/\/www.caririemacao.com\/1\/wp-json\/wp\/v2\/posts"}],"about":[{"href":"https:\/\/www.caririemacao.com\/1\/wp-json\/wp\/v2\/types\/post"}],"author":[{"embeddable":true,"href":"https:\/\/www.caririemacao.com\/1\/wp-json\/wp\/v2\/users\/2"}],"replies":[{"embeddable":true,"href":"https:\/\/www.caririemacao.com\/1\/wp-json\/wp\/v2\/comments?post=157458"}],"version-history":[{"count":1,"href":"https:\/\/www.caririemacao.com\/1\/wp-json\/wp\/v2\/posts\/157458\/revisions"}],"predecessor-version":[{"id":157462,"href":"https:\/\/www.caririemacao.com\/1\/wp-json\/wp\/v2\/posts\/157458\/revisions\/157462"}],"wp:featuredmedia":[{"embeddable":true,"href":"https:\/\/www.caririemacao.com\/1\/wp-json\/wp\/v2\/media\/157461"}],"wp:attachment":[{"href":"https:\/\/www.caririemacao.com\/1\/wp-json\/wp\/v2\/media?parent=157458"}],"wp:term":[{"taxonomy":"category","embeddable":true,"href":"https:\/\/www.caririemacao.com\/1\/wp-json\/wp\/v2\/categories?post=157458"},{"taxonomy":"post_tag","embeddable":true,"href":"https:\/\/www.caririemacao.com\/1\/wp-json\/wp\/v2\/tags?post=157458"}],"curies":[{"name":"wp","href":"https:\/\/api.w.org\/{rel}","templated":true}]}}