{"id":157459,"date":"2020-03-11T13:51:33","date_gmt":"2020-03-11T16:51:33","guid":{"rendered":"http:\/\/www.caririemacao.com\/1\/?p=157459"},"modified":"2020-03-11T13:51:35","modified_gmt":"2020-03-11T16:51:35","slug":"amparo-secretaria-de-saude-da-continuidade-ao-atendimento-e-combate-a-leishmaniose-canina","status":"publish","type":"post","link":"https:\/\/www.caririemacao.com\/1\/2020\/03\/11\/amparo-secretaria-de-saude-da-continuidade-ao-atendimento-e-combate-a-leishmaniose-canina\/","title":{"rendered":"Amparo: Secretaria de Sa\u00fade d\u00e1 continuidade ao atendimento e combate a Leishmaniose Canina"},"content":{"rendered":"\n<p>A Secretaria Municipal de Sa\u00fade de Amparo atrav\u00e9s dos Agentes de Combate a Endemias, acompanhados do t\u00e9cnico em veterin\u00e9ria Joseildo Pereira, continuam o Programa de Atendimento e Combate a Leishmaniose Viceral Canina. <\/p>\n\n\n\n<p>A iniciativa da secretaria tem por objetivo atender donos de c\u00e3es dom\u00e9sticos bem como os denominados c\u00e3es errantes que vivem soltos pelas ruas do municipio. <\/p>\n\n\n\n<figure class=\"wp-block-image size-large\"><img fetchpriority=\"high\" decoding=\"async\" width=\"539\" height=\"539\" src=\"http:\/\/www.caririemacao.com\/1\/wp-content\/uploads\/2020\/03\/prefeituramunicipaldeamparopb_20200311_11-1.jpg\" alt=\"\" class=\"wp-image-157500\" srcset=\"https:\/\/www.caririemacao.com\/1\/wp-content\/uploads\/2020\/03\/prefeituramunicipaldeamparopb_20200311_11-1.jpg 539w, https:\/\/www.caririemacao.com\/1\/wp-content\/uploads\/2020\/03\/prefeituramunicipaldeamparopb_20200311_11-1-300x300.jpg 300w, https:\/\/www.caririemacao.com\/1\/wp-content\/uploads\/2020\/03\/prefeituramunicipaldeamparopb_20200311_11-1-150x150.jpg 150w\" sizes=\"(max-width: 539px) 100vw, 539px\" \/><\/figure>\n\n\n\n<p>Para realiza\u00e7\u00e3o dos chamados testes r\u00e1pidos nos animais dom\u00e9sticos, os interessados devem procurar a secretaria municipal de sa\u00fade para agendamento de visitas da equipe. <\/p>\n\n\n\n<p>No caso dos c\u00e3es errantes, basta fazer um registro na secretaria indicando o local onde se encontra o animal para que a equipe fa\u00e7a o deslocamento para posterior atendimento. <\/p>\n","protected":false},"excerpt":{"rendered":"<p>A Secretaria Municipal de Sa\u00fade de Amparo atrav\u00e9s dos Agentes de Combate a Endemias, acompanhados do t\u00e9cnico em veterin\u00e9ria Joseildo Pereira, continuam o Programa de&hellip; <\/p>\n","protected":false},"author":1,"featured_media":157499,"comment_status":"closed","ping_status":"closed","sticky":false,"template":"","format":"standard","meta":{"sfsi_plus_gutenberg_text_before_share":"","sfsi_plus_gutenberg_show_text_before_share":"","sfsi_plus_gutenberg_icon_type":"","sfsi_plus_gutenberg_icon_alignemt":"","sfsi_plus_gutenburg_max_per_row":"","footnotes":""},"categories":[6,50],"tags":[],"class_list":["post-157459","post","type-post","status-publish","format-standard","has-post-thumbnail","hentry","category-cidades","category-destaque"],"_links":{"self":[{"href":"https:\/\/www.caririemacao.com\/1\/wp-json\/wp\/v2\/posts\/157459","targetHints":{"allow":["GET"]}}],"collection":[{"href":"https:\/\/www.caririemacao.com\/1\/wp-json\/wp\/v2\/posts"}],"about":[{"href":"https:\/\/www.caririemacao.com\/1\/wp-json\/wp\/v2\/types\/post"}],"author":[{"embeddable":true,"href":"https:\/\/www.caririemacao.com\/1\/wp-json\/wp\/v2\/users\/1"}],"replies":[{"embeddable":true,"href":"https:\/\/www.caririemacao.com\/1\/wp-json\/wp\/v2\/comments?post=157459"}],"version-history":[{"count":2,"href":"https:\/\/www.caririemacao.com\/1\/wp-json\/wp\/v2\/posts\/157459\/revisions"}],"predecessor-version":[{"id":157501,"href":"https:\/\/www.caririemacao.com\/1\/wp-json\/wp\/v2\/posts\/157459\/revisions\/157501"}],"wp:featuredmedia":[{"embeddable":true,"href":"https:\/\/www.caririemacao.com\/1\/wp-json\/wp\/v2\/media\/157499"}],"wp:attachment":[{"href":"https:\/\/www.caririemacao.com\/1\/wp-json\/wp\/v2\/media?parent=157459"}],"wp:term":[{"taxonomy":"category","embeddable":true,"href":"https:\/\/www.caririemacao.com\/1\/wp-json\/wp\/v2\/categories?post=157459"},{"taxonomy":"post_tag","embeddable":true,"href":"https:\/\/www.caririemacao.com\/1\/wp-json\/wp\/v2\/tags?post=157459"}],"curies":[{"name":"wp","href":"https:\/\/api.w.org\/{rel}","templated":true}]}}