{"id":157464,"date":"2020-03-11T12:37:23","date_gmt":"2020-03-11T15:37:23","guid":{"rendered":"http:\/\/www.caririemacao.com\/1\/?p=157464"},"modified":"2020-03-11T12:37:25","modified_gmt":"2020-03-11T15:37:25","slug":"governo-reduz-a-21-a-previsao-de-alta-do-pib-apos-coronavirus","status":"publish","type":"post","link":"https:\/\/www.caririemacao.com\/1\/2020\/03\/11\/governo-reduz-a-21-a-previsao-de-alta-do-pib-apos-coronavirus\/","title":{"rendered":"Governo reduz a 2,1% a previs\u00e3o de alta do PIB ap\u00f3s coronav\u00edrus"},"content":{"rendered":"\n<p>O Minist\u00e9rio da Economia informou que sua estimativa oficial para o crescimento do Produto Interno Bruto (PIB) em 2020 foi revisada de 2,4% para 2,1%. A proje\u00e7\u00e3o consta no Boletim Macrofiscal, divulgado pela Secretaria de Pol\u00edtica Econ\u00f4mica nesta quarta-feira (11).<\/p>\n\n\n\n<p>O PIB \u00e9 a soma de todos os bens e servi\u00e7os produzidos no pa\u00eds e serve para medir a evolu\u00e7\u00e3o da economia.<\/p>\n\n\n\n<p>De acordo com a \u00e1rea econ\u00f4mica, a revis\u00e3o para baixo est\u00e1 relacionada com os efeitos do surto do coronav\u00edrus na economia mundial e, consequentemente, no Brasil.<\/p>\n\n\n\n<p>&#8220;Os impactos esperados [do coronav\u00edrus] sobre a economia brasileira situam-se dentro de um intervalo de -0,1 ponto percentual a -0,5 ponto percentual no crescimento de 2020, com um valor pr\u00f3ximo a 0,3 ponto percentual como sendo o cen\u00e1rio mais prov\u00e1vel&#8221;, informou o minist\u00e9rio no boletim.<\/p>\n\n\n\n<p>O minist\u00e9rio aponta que o tamanho do impacto da crise provocada pelo coronav\u00edrus sobre os pa\u00edses &#8220;depender\u00e1 da sua magnitude e da din\u00e2mica de sua recupera\u00e7\u00e3o&#8221;, e que o surto pode gerar &#8220;choques negativos&#8221;, tais como:<\/p>\n\n\n\n<ul class=\"wp-block-list\"><li>choque de produtividade, devido a quebras de cadeia produtiva e poss\u00edveis limita\u00e7\u00f5es promovidas pela doen\u00e7a ao trabalho;<\/li><li>choque de demanda; resultante na queda de PIB mundial;<\/li><li>choque nos pre\u00e7os de commodities;<\/li><li>choques nas condi\u00e7\u00f5es financeiras, limitando o cr\u00e9dito.<\/li><\/ul>\n\n\n\n<p>Com a revis\u00e3o anunciada nesta quarta, a previs\u00e3o do governo se aproxima da estimativa mais recente do mercado financeiro para o desempenho da economia brasileira em 2020. De acordo com pesquisa realizada pelo Banco Central na semana passada, os investidores esperam crescimento de 1,99% para o PIB neste ano.<\/p>\n\n\n\n<p>A crise gerada pelo coronav\u00edrus representa um obst\u00e1culo a mais para o Brasil, que vem enfrentando dificuldades para retomar um crescimento mais consistente depois da recente recess\u00e3o.<\/p>\n\n\n\n<p>No come\u00e7o de mar\u00e7o, o Instituto Brasileiro de Geografia e Estat\u00edstica (IBGE) divulgou que em 2019 a economia brasileira registrou crescimento de 1,1%, o desempenho mais fraco em 3 anos.<\/p>\n\n\n\n<p><strong>Petr\u00f3leo<\/strong><br>O Minist\u00e9rio da Economia tamb\u00e9m fez coment\u00e1rios sobre a queda do pre\u00e7o do petr\u00f3leo nos \u00faltimos dias, por conta de conflito sobre o n\u00edvel de produ\u00e7\u00e3o entre os maiores produtores (R\u00fassia e Ar\u00e1bia Saudita).<\/p>\n\n\n\n<p>&#8220;De um lado, uma queda no pre\u00e7o de petr\u00f3leo pode ser interpretada como um choque positivo na oferta, diante da redu\u00e7\u00e3o do custo dos insumos de produ\u00e7\u00e3o. Por outro, h\u00e1 empresas muito alavancadas que poder\u00e3o ter dificuldades credit\u00edcias \u00e0 frente, caso o pre\u00e7o do petr\u00f3leo permane\u00e7a no patamar atual&#8221;, informou.<\/p>\n\n\n\n<p>O governo acrescentou que, &#8220;no momento atual&#8221;, as dificuldades das empresas, e seus desdobramentos, &#8220;t\u00eam se sobreposto aos efeitos positivos e s\u00e3o respons\u00e1veis por elevar as preocupa\u00e7\u00f5es dos investidores globais&#8221;.<\/p>\n\n\n\n<p>&#8220;Estamos monitorando de perto os desdobramentos do Covid-19 [coronav\u00edrus] e a recente queda no pre\u00e7o do petr\u00f3leo e reafirmamos que a melhor resposta ao novo cen\u00e1rio \u00e9 perseverar com as reformas fiscais e estruturais&#8221;, informou o Minist\u00e9rio da Economia.<\/p>\n\n\n\n<p><strong>Bloqueio de gastos<\/strong><br>A desacelera\u00e7\u00e3o da economia e a queda do pre\u00e7o internacional do petr\u00f3leo, que tendem a reduzir a arrecada\u00e7\u00e3o federal, devem gerar um bloqueio de gastos no or\u00e7amento federal &#8211; que pode ser anunciado na pr\u00f3xima semana.<\/p>\n\n\n\n<p>Nesta ter\u00e7a-feira (10), o secret\u00e1rio-especial de Fazenda do Minist\u00e9rio da Economia, Waldery Rodrigues, afirmou que &#8220;muito provavelmente&#8221; um contingenciamento de gastos ser\u00e1 anunciado pela \u00e1rea econ\u00f4mica na semana que vem.<\/p>\n\n\n\n<p><strong>Infla\u00e7\u00e3o<\/strong><br>Segundo o estudo da Secretaria de Pol\u00edtica Econ\u00f4mica, a previs\u00e3o para o \u00cdndice Nacional de Pre\u00e7os ao Consumidor Amplo (IPCA), a infla\u00e7\u00e3o oficial, a expectativa para este ano passou de 3,62% para 3,12%.<\/p>\n\n\n\n<p>Na semana passada, o mercado financeiro estimou um IPCA de 3,20% para 2020.<\/p>\n\n\n\n<p>A expectativa de infla\u00e7\u00e3o do mercado para este ano segue abaixo da meta central, de 4%. O intervalo de toler\u00e2ncia do sistema de metas varia de 2,5% a 5,5%.<\/p>\n\n\n\n<p>A meta de infla\u00e7\u00e3o \u00e9 fixada pelo Conselho Monet\u00e1rio Nacional (CMN). Para alcan\u00e7\u00e1-la, o Banco Central eleva ou reduz a taxa b\u00e1sica de juros da economia (Selic).<\/p>\n\n\n\n<p>No ano passado, o \u00cdndice Nacional de Pre\u00e7os ao Consumidor Amplo (IPCA), considerado a infla\u00e7\u00e3o oficial do Brasil, fechou em 4,31%, acima do centro da meta para o ano, que era de 4,25%. Foi a maior infla\u00e7\u00e3o anual desde 2016.<\/p>\n","protected":false},"excerpt":{"rendered":"<p>O Minist\u00e9rio da Economia informou que sua estimativa oficial para o crescimento do Produto Interno Bruto (PIB) em 2020 foi revisada de 2,4% para 2,1%.&hellip; <\/p>\n","protected":false},"author":2,"featured_media":157465,"comment_status":"closed","ping_status":"closed","sticky":false,"template":"","format":"standard","meta":{"sfsi_plus_gutenberg_text_before_share":"","sfsi_plus_gutenberg_show_text_before_share":"","sfsi_plus_gutenberg_icon_type":"","sfsi_plus_gutenberg_icon_alignemt":"","sfsi_plus_gutenburg_max_per_row":"","footnotes":""},"categories":[11],"tags":[],"class_list":["post-157464","post","type-post","status-publish","format-standard","has-post-thumbnail","hentry","category-politica"],"_links":{"self":[{"href":"https:\/\/www.caririemacao.com\/1\/wp-json\/wp\/v2\/posts\/157464","targetHints":{"allow":["GET"]}}],"collection":[{"href":"https:\/\/www.caririemacao.com\/1\/wp-json\/wp\/v2\/posts"}],"about":[{"href":"https:\/\/www.caririemacao.com\/1\/wp-json\/wp\/v2\/types\/post"}],"author":[{"embeddable":true,"href":"https:\/\/www.caririemacao.com\/1\/wp-json\/wp\/v2\/users\/2"}],"replies":[{"embeddable":true,"href":"https:\/\/www.caririemacao.com\/1\/wp-json\/wp\/v2\/comments?post=157464"}],"version-history":[{"count":1,"href":"https:\/\/www.caririemacao.com\/1\/wp-json\/wp\/v2\/posts\/157464\/revisions"}],"predecessor-version":[{"id":157466,"href":"https:\/\/www.caririemacao.com\/1\/wp-json\/wp\/v2\/posts\/157464\/revisions\/157466"}],"wp:featuredmedia":[{"embeddable":true,"href":"https:\/\/www.caririemacao.com\/1\/wp-json\/wp\/v2\/media\/157465"}],"wp:attachment":[{"href":"https:\/\/www.caririemacao.com\/1\/wp-json\/wp\/v2\/media?parent=157464"}],"wp:term":[{"taxonomy":"category","embeddable":true,"href":"https:\/\/www.caririemacao.com\/1\/wp-json\/wp\/v2\/categories?post=157464"},{"taxonomy":"post_tag","embeddable":true,"href":"https:\/\/www.caririemacao.com\/1\/wp-json\/wp\/v2\/tags?post=157464"}],"curies":[{"name":"wp","href":"https:\/\/api.w.org\/{rel}","templated":true}]}}