{"id":157478,"date":"2020-03-11T12:47:47","date_gmt":"2020-03-11T15:47:47","guid":{"rendered":"http:\/\/www.caririemacao.com\/1\/?p=157478"},"modified":"2020-03-11T12:47:48","modified_gmt":"2020-03-11T15:47:48","slug":"ministerio-cogita-mudanca-nas-ferias-escolares-por-conta-do-coronavirus","status":"publish","type":"post","link":"https:\/\/www.caririemacao.com\/1\/2020\/03\/11\/ministerio-cogita-mudanca-nas-ferias-escolares-por-conta-do-coronavirus\/","title":{"rendered":"Minist\u00e9rio cogita mudan\u00e7a nas f\u00e9rias escolares por conta do coronav\u00edrus"},"content":{"rendered":"\n<p>Diante do avan\u00e7o do novo coronav\u00edrus, representantes do Minist\u00e9rio da Sa\u00fade discutem a possibilidade de apresentar proposta para que escolas adiantem o per\u00edodo de f\u00e9rias de dezembro para os meses de inverno.<\/p>\n\n\n\n<p>Outra sugest\u00e3o em an\u00e1lise \u00e9 que o per\u00edodo de f\u00e9rias de julho seja ampliado, evitando aglomera\u00e7\u00f5es no per\u00edodo em que h\u00e1 mais casos de gripe e resfriados e, agora, de alerta para o novo coronav\u00edrus.<\/p>\n\n\n\n<p>A medida, por\u00e9m, n\u00e3o seria obrigat\u00f3ria, nem seria recomendada a todo o pa\u00eds \u2013a ideia \u00e9 avaliar a possibilidade de fazer a sugest\u00e3o a cidades que tiverem maior n\u00famero de casos de covid-19, por exemplo, a depender de an\u00e1lise do cen\u00e1rio nos pr\u00f3ximos meses.<\/p>\n\n\n\n<p>A proposta faz parte de uma lista de a\u00e7\u00f5es em estudo do que membros do minist\u00e9rio chamam de medidas n\u00e3o farmacol\u00f3gicas que poderiam ser aplicadas contra o v\u00edrus.<\/p>\n\n\n\n<p>Trata-se de a\u00e7\u00f5es para tentar reduzir a possibilidade de transmiss\u00e3o em um poss\u00edvel cen\u00e1rio de forte aumento de casos.<\/p>\n\n\n\n<p>At\u00e9 o momento, o pa\u00eds tem 34 casos confirmados de covid-19 \u2013desses, 29 s\u00e3o importados, de pacientes que viajaram a outros pa\u00edses, e cinco de transmiss\u00e3o local, quando a infec\u00e7\u00e3o ocorre pelo contato com casos confirmados. N\u00e3o h\u00e1 evid\u00eancias de transmiss\u00e3o sustentada do v\u00edrus, ainda restrita a pequenos grupos.<\/p>\n\n\n\n<p>Ainda assim, o aumento de casos em outros pa\u00edses t\u00eam elevado o alerta no Brasil \u2013da\u00ed planejamento de poss\u00edveis recomenda\u00e7\u00f5es.<\/p>\n\n\n\n<p>Entre as alternativas em an\u00e1lise est\u00e3o sugerir a empresas que concedam atestado virtual a funcion\u00e1rios doentes e que pessoas com doen\u00e7as cr\u00f4nicas adiantem prescri\u00e7\u00f5es m\u00e9dicas e obten\u00e7\u00e3o de rem\u00e9dios, evitando ir a unidades de sa\u00fade.<\/p>\n\n\n\n<p>H\u00e1 tamb\u00e9m a\u00e7\u00f5es mais simples, como recomendar que empresas de transporte p\u00fablico reforcem a limpeza nos intervalos entre trajetos.<\/p>\n\n\n\n<p>Nos \u00faltimos dias, a pasta enviou a secret\u00e1rios de sa\u00fade estaduais vers\u00e3o preliminar de esp\u00e9cie de caderno de instru\u00e7\u00f5es contra o coronav\u00edrus para que fa\u00e7am sugest\u00f5es.<\/p>\n\n\n\n<p>A ideia \u00e9 chegar a uma vers\u00e3o final do documento que possa ser distribu\u00edda \u00e0 popula\u00e7\u00e3o. O texto, no formato de um manual, traz recomenda\u00e7\u00f5es para que as pessoas avaliem deixar de lado sauda\u00e7\u00f5es como aperto de m\u00e3o, beijos e abra\u00e7os e adotem medidas b\u00e1sicas de preven\u00e7\u00e3o, como lavar as m\u00e3os com frequ\u00eancia.<\/p>\n\n\n\n<p>Tamb\u00e9m cita a\u00e7\u00f5es que pessoas poderiam adotar em caso de transmiss\u00e3o do coronav\u00edrus na comunidade ou regi\u00e3o onde vivem, como evitar fazer compras e pegar transporte p\u00fablico em hor\u00e1rio de pico.<\/p>\n\n\n\n<p>H\u00e1 um cap\u00edtulo dedicado apenas a orienta\u00e7\u00f5es para isolamento domiciliar. Uma delas \u00e9 de que o paciente fique em locais separados das demais pessoas. Tamb\u00e9m deve ficar de m\u00e1scara, al\u00e9m de evitar compartilhar banheiros e itens dom\u00e9sticos.<\/p>\n\n\n\n<p>Outra medida em an\u00e1lise \u00e9 recomendar que organizadores de eventos de massa considerem a possibilidade de adi\u00e1-los em caso de surto \u2013o que n\u00e3o ocorre agora.<\/p>\n\n\n\n<p>Questionados pela reportagem, membros da pasta dizem que o texto \u00e9 preliminar e passa por mudan\u00e7as. A previs\u00e3o \u00e9 que a vers\u00e3o final esteja pronta at\u00e9 a pr\u00f3xima semana.<\/p>\n\n\n\n<p>Secret\u00e1rios de sa\u00fade, no entanto, t\u00eam pedido aten\u00e7\u00e3o ao momento em que as medidas devem ser divulgadas. O temor \u00e9 que isso leve as pessoas a adotarem medidas restritivas sem necessidade.<\/p>\n\n\n\n<p>A avalia\u00e7\u00e3o \u00e9 de que o Brasil ainda est\u00e1 longe do cen\u00e1rio de outros pa\u00edses, como a It\u00e1lia.<\/p>\n\n\n\n<p>Nos \u00faltimos dias, o Minist\u00e9rio da Sa\u00fade tem frisado que ainda n\u00e3o h\u00e1 respostas claras sobre como ser\u00e1 o comportamento do v\u00edrus no Brasil.<\/p>\n\n\n\n<p>A avalia\u00e7\u00e3o dentro da pasta, por\u00e9m, \u00e9 que h\u00e1 necessidade de aumentar a prepara\u00e7\u00e3o para o inverno.<\/p>\n\n\n\n<p>Segundo a reportagem apurou, parte das recomenda\u00e7\u00f5es hoje analisadas pelo minist\u00e9rio tem inspira\u00e7\u00e3o em modelo de outros pa\u00edses, como o Canad\u00e1.<\/p>\n\n\n\n<p>A discuss\u00e3o ocorre em momento em que crescem os pedidos para que o minist\u00e9rio d\u00ea orienta\u00e7\u00f5es precisas sobre quais medidas devem ser adotadas por escolas e empresas.<\/p>\n\n\n\n<p>Nos \u00faltimos dias, representantes da pasta t\u00eam se posicionado contra o fechamento de escolas. J\u00e1 se houver um caso confirmado no local, a pasta tem recomendado que medidas sejam avaliadas com secretarias de sa\u00fade \u2013entre as a\u00e7\u00f5es poss\u00edveis est\u00e3o desinfec\u00e7\u00e3o e monitoramento de contatos, sem necessidade de fechamento por longo per\u00edodo.<\/p>\n\n\n\n<p>Nesta ter\u00e7a, questionado sobre o tema, o secret\u00e1rio-executivo do Minist\u00e9rio da Sa\u00fade, Jo\u00e3o Gabbardo dos Reis, disse n\u00e3o ver necessidade de fechamento de escolas, mas n\u00e3o descartou uma nova recomenda\u00e7\u00e3o no futuro.<\/p>\n\n\n\n<p>\u201cHoje n\u00e3o existe nenhuma determina\u00e7\u00e3o sobre isso. Isso vai se manter por muito tempo? N\u00e3o sabemos.\u201d<\/p>\n\n\n\n<p>Para ele, uma das alternativas que podem ser avaliadas \u00e9 isolar apenas parte da institui\u00e7\u00e3o. \u201cPode ser que n\u00e3o seja necess\u00e1rio o fechamento de uma escola total. Em uma sala de aula onde tem um aluno com coronav\u00edrus, por exemplo, \u00e9 plaus\u00edvel que seja sugerido que n\u00e3o compare\u00e7a na escola por determinado per\u00edodo. Isso n\u00e3o vai exigir o fechamento da escola como um todo, porque aconteceu um s\u00f3 caso dentro de uma sala de aula. E se acontecer com um grande n\u00famero de crian\u00e7as? Vai ter que ser analisado caso a caso.\u201d<\/p>\n\n\n\n<p>Questionado sobre eventos como os protestos marcados para 15 de mar\u00e7o, Gabbardo nega que haja orienta\u00e7\u00f5es neste momento sobre eventos ao ar livre. Por outro lado, h\u00e1 recomenda\u00e7\u00f5es para ambientes fechados. \u201cN\u00e3o acho adequado, por exemplo, algu\u00e9m gripado ir em um evento.\u201d<\/p>\n\n\n\n<p>Ele pede que n\u00e3o haja p\u00e2nico, j\u00e1 que os dados mostram cen\u00e1rio diferente de outros pa\u00edses. \u201cNa It\u00e1lia, tem justificativa. No Brasil \u00e9 diferente. N\u00e3o tem nenhuma motiva\u00e7\u00e3o para que tenhamos que tomar medidas dr\u00e1sticas como essas. As recomenda\u00e7\u00f5es continuam as mesmas: lavar as m\u00e3os, sugerir que as pessoas doentes evitem contato com outras pessoas, e evitar aglomera\u00e7\u00f5es\u201d, disse.<\/p>\n","protected":false},"excerpt":{"rendered":"<p>Diante do avan\u00e7o do novo coronav\u00edrus, representantes do Minist\u00e9rio da Sa\u00fade discutem a possibilidade de apresentar proposta para que escolas adiantem o per\u00edodo de f\u00e9rias&hellip; <\/p>\n","protected":false},"author":2,"featured_media":157479,"comment_status":"closed","ping_status":"closed","sticky":false,"template":"","format":"standard","meta":{"sfsi_plus_gutenberg_text_before_share":"","sfsi_plus_gutenberg_show_text_before_share":"","sfsi_plus_gutenberg_icon_type":"","sfsi_plus_gutenberg_icon_alignemt":"","sfsi_plus_gutenburg_max_per_row":"","footnotes":""},"categories":[50,14],"tags":[],"class_list":["post-157478","post","type-post","status-publish","format-standard","has-post-thumbnail","hentry","category-destaque","category-educacao"],"_links":{"self":[{"href":"https:\/\/www.caririemacao.com\/1\/wp-json\/wp\/v2\/posts\/157478","targetHints":{"allow":["GET"]}}],"collection":[{"href":"https:\/\/www.caririemacao.com\/1\/wp-json\/wp\/v2\/posts"}],"about":[{"href":"https:\/\/www.caririemacao.com\/1\/wp-json\/wp\/v2\/types\/post"}],"author":[{"embeddable":true,"href":"https:\/\/www.caririemacao.com\/1\/wp-json\/wp\/v2\/users\/2"}],"replies":[{"embeddable":true,"href":"https:\/\/www.caririemacao.com\/1\/wp-json\/wp\/v2\/comments?post=157478"}],"version-history":[{"count":1,"href":"https:\/\/www.caririemacao.com\/1\/wp-json\/wp\/v2\/posts\/157478\/revisions"}],"predecessor-version":[{"id":157480,"href":"https:\/\/www.caririemacao.com\/1\/wp-json\/wp\/v2\/posts\/157478\/revisions\/157480"}],"wp:featuredmedia":[{"embeddable":true,"href":"https:\/\/www.caririemacao.com\/1\/wp-json\/wp\/v2\/media\/157479"}],"wp:attachment":[{"href":"https:\/\/www.caririemacao.com\/1\/wp-json\/wp\/v2\/media?parent=157478"}],"wp:term":[{"taxonomy":"category","embeddable":true,"href":"https:\/\/www.caririemacao.com\/1\/wp-json\/wp\/v2\/categories?post=157478"},{"taxonomy":"post_tag","embeddable":true,"href":"https:\/\/www.caririemacao.com\/1\/wp-json\/wp\/v2\/tags?post=157478"}],"curies":[{"name":"wp","href":"https:\/\/api.w.org\/{rel}","templated":true}]}}