{"id":157483,"date":"2020-03-11T12:50:49","date_gmt":"2020-03-11T15:50:49","guid":{"rendered":"http:\/\/www.caririemacao.com\/1\/?p=157483"},"modified":"2020-03-11T12:50:51","modified_gmt":"2020-03-11T15:50:51","slug":"campinense-perde-um-dos-principais-destaques-para-o-ferroviario-ce","status":"publish","type":"post","link":"https:\/\/www.caririemacao.com\/1\/2020\/03\/11\/campinense-perde-um-dos-principais-destaques-para-o-ferroviario-ce\/","title":{"rendered":"Campinense perde um dos principais destaques para o Ferrovi\u00e1rio-CE"},"content":{"rendered":"\n<p><br>De folga no Campeonato Paraibano at\u00e9 o dia 22 de mar\u00e7o, quando recebe o Atl\u00e9tico de Cajazeiras no est\u00e1dio Amig\u00e3o, o Campinense vai ter tempo suficiente para recuperar alguns jogadores que est\u00e3o no Departamento M\u00e9dico.<\/p>\n\n\n\n<p>E ao que parece a diretoria vai ter que aproveitar essa brecha tamb\u00e9m para contratar.<\/p>\n\n\n\n<figure class=\"wp-block-image\"><img decoding=\"async\" data-src=\"https:\/\/paraibaonline.com.br\/wp-content\/uploads\/2020\/01\/Rom%C3%A1rio_Becker-CC-900x600.jpeg\" alt=\"Para\u00edba Online \u2022 Campinense perde um dos principais destaques para o Ferrovi\u00e1rio-CE\" class=\"wp-image-830157 lazyload\" src=\"data:image\/svg+xml;base64,PHN2ZyB3aWR0aD0iMSIgaGVpZ2h0PSIxIiB4bWxucz0iaHR0cDovL3d3dy53My5vcmcvMjAwMC9zdmciPjwvc3ZnPg==\" style=\"--smush-placeholder-width: 900px; --smush-placeholder-aspect-ratio: 900\/600;\" \/><\/figure>\n\n\n\n<p>Foto: Ascom \/ Campinense<\/p>\n\n\n\n<p>\u00c9 que segundo o diretor de Comunica\u00e7\u00e3o da Raposa, Phelipe Cordeiro, o meia Rom\u00e1rio Becker, um dos destaques do time de Oliveira Canind\u00e9 at\u00e9 ent\u00e3o, est\u00e1 se transferindo para o Ferrovi\u00e1rio-CE.<\/p>\n\n\n\n<p>O armador, inclusive, \u00e9 um dos lesionados que desfalcou o Rubro-Negro nas \u00faltimas rodadas. Ele sofreu uma contratura muscular na parte posterior da coxa esquerda no dia 16 de fevereiro, no Cl\u00e1ssico dos Maiorais.<\/p>\n\n\n\n<p>No momento, o Campinense lidera o Grupo B do Paraibano, com 13 pontos conquistados em sete jogos disputados.<\/p>\n","protected":false},"excerpt":{"rendered":"<p>De folga no Campeonato Paraibano at\u00e9 o dia 22 de mar\u00e7o, quando recebe o Atl\u00e9tico de Cajazeiras no est\u00e1dio Amig\u00e3o, o Campinense vai ter tempo&hellip; <\/p>\n","protected":false},"author":2,"featured_media":157484,"comment_status":"closed","ping_status":"closed","sticky":false,"template":"","format":"standard","meta":{"sfsi_plus_gutenberg_text_before_share":"","sfsi_plus_gutenberg_show_text_before_share":"","sfsi_plus_gutenberg_icon_type":"","sfsi_plus_gutenberg_icon_alignemt":"","sfsi_plus_gutenburg_max_per_row":"","footnotes":""},"categories":[13],"tags":[],"class_list":["post-157483","post","type-post","status-publish","format-standard","has-post-thumbnail","hentry","category-esportes"],"_links":{"self":[{"href":"https:\/\/www.caririemacao.com\/1\/wp-json\/wp\/v2\/posts\/157483","targetHints":{"allow":["GET"]}}],"collection":[{"href":"https:\/\/www.caririemacao.com\/1\/wp-json\/wp\/v2\/posts"}],"about":[{"href":"https:\/\/www.caririemacao.com\/1\/wp-json\/wp\/v2\/types\/post"}],"author":[{"embeddable":true,"href":"https:\/\/www.caririemacao.com\/1\/wp-json\/wp\/v2\/users\/2"}],"replies":[{"embeddable":true,"href":"https:\/\/www.caririemacao.com\/1\/wp-json\/wp\/v2\/comments?post=157483"}],"version-history":[{"count":1,"href":"https:\/\/www.caririemacao.com\/1\/wp-json\/wp\/v2\/posts\/157483\/revisions"}],"predecessor-version":[{"id":157485,"href":"https:\/\/www.caririemacao.com\/1\/wp-json\/wp\/v2\/posts\/157483\/revisions\/157485"}],"wp:featuredmedia":[{"embeddable":true,"href":"https:\/\/www.caririemacao.com\/1\/wp-json\/wp\/v2\/media\/157484"}],"wp:attachment":[{"href":"https:\/\/www.caririemacao.com\/1\/wp-json\/wp\/v2\/media?parent=157483"}],"wp:term":[{"taxonomy":"category","embeddable":true,"href":"https:\/\/www.caririemacao.com\/1\/wp-json\/wp\/v2\/categories?post=157483"},{"taxonomy":"post_tag","embeddable":true,"href":"https:\/\/www.caririemacao.com\/1\/wp-json\/wp\/v2\/tags?post=157483"}],"curies":[{"name":"wp","href":"https:\/\/api.w.org\/{rel}","templated":true}]}}