{"id":157487,"date":"2020-03-11T12:52:31","date_gmt":"2020-03-11T15:52:31","guid":{"rendered":"http:\/\/www.caririemacao.com\/1\/?p=157487"},"modified":"2020-03-11T12:52:33","modified_gmt":"2020-03-11T15:52:33","slug":"meteorologista-fala-da-disseminacao-do-coronavirus-diante-do-clima","status":"publish","type":"post","link":"https:\/\/www.caririemacao.com\/1\/2020\/03\/11\/meteorologista-fala-da-disseminacao-do-coronavirus-diante-do-clima\/","title":{"rendered":"Meteorologista fala da dissemina\u00e7\u00e3o do coronav\u00edrus diante do clima"},"content":{"rendered":"\n<p><br>Ometeorologista Humberto Barbosa falou, durante entrevista concedida a uma emissora de r\u00e1dio campinense, nesta quarta-feira (11), sobre o clima e a poss\u00edvel prolifera\u00e7\u00e3o do novo coronav\u00edrus.<\/p>\n\n\n\n<p>\u2013 As condi\u00e7\u00f5es de tempo e clima, de certa forma, t\u00eam um papel importante na prolifera\u00e7\u00e3o de doen\u00e7as respirat\u00f3rias. Dias frios e secos s\u00e3o condi\u00e7\u00f5es favor\u00e1veis de propaga\u00e7\u00e3o de doen\u00e7as respirat\u00f3rias. H\u00e1 uma preocupa\u00e7\u00e3o com o coronav\u00edrus de como ele vai se comportar em regi\u00f5es &nbsp;tropicais \u00famidas. Isso se inclui, principalmente, o Hemisf\u00e9rio Sul. Brasil e Am\u00e9rica Latina t\u00eam hoje uma aten\u00e7\u00e3o de como esse v\u00edrus vai se comportar nos pr\u00f3ximos meses \u2013 disse.<\/p>\n\n\n\n<figure class=\"wp-block-image\"><img decoding=\"async\" data-src=\"https:\/\/paraibaonline.com.br\/wp-content\/uploads\/2020\/02\/CORONAVIRUS.jpg\" alt=\"Foto: Tyrone Siu\" class=\"wp-image-834394 lazyload\" src=\"data:image\/svg+xml;base64,PHN2ZyB3aWR0aD0iMSIgaGVpZ2h0PSIxIiB4bWxucz0iaHR0cDovL3d3dy53My5vcmcvMjAwMC9zdmciPjwvc3ZnPg==\" \/><\/figure>\n\n\n\n<p>Foto: Ag\u00eancia Brasil<\/p>\n\n\n\n<p>Por fim, Humberto disse que quando as temperaturas s\u00e3o baixas, as pessoas ficam mais pr\u00f3ximas, o que pode ser favor\u00e1vel para a prolifera\u00e7\u00e3o de v\u00edrus.<\/p>\n","protected":false},"excerpt":{"rendered":"<p>Ometeorologista Humberto Barbosa falou, durante entrevista concedida a uma emissora de r\u00e1dio campinense, nesta quarta-feira (11), sobre o clima e a poss\u00edvel prolifera\u00e7\u00e3o do novo&hellip; <\/p>\n","protected":false},"author":2,"featured_media":156234,"comment_status":"closed","ping_status":"closed","sticky":false,"template":"","format":"standard","meta":{"sfsi_plus_gutenberg_text_before_share":"","sfsi_plus_gutenberg_show_text_before_share":"","sfsi_plus_gutenberg_icon_type":"","sfsi_plus_gutenberg_icon_alignemt":"","sfsi_plus_gutenburg_max_per_row":"","footnotes":""},"categories":[16],"tags":[],"class_list":["post-157487","post","type-post","status-publish","format-standard","has-post-thumbnail","hentry","category-saude"],"_links":{"self":[{"href":"https:\/\/www.caririemacao.com\/1\/wp-json\/wp\/v2\/posts\/157487","targetHints":{"allow":["GET"]}}],"collection":[{"href":"https:\/\/www.caririemacao.com\/1\/wp-json\/wp\/v2\/posts"}],"about":[{"href":"https:\/\/www.caririemacao.com\/1\/wp-json\/wp\/v2\/types\/post"}],"author":[{"embeddable":true,"href":"https:\/\/www.caririemacao.com\/1\/wp-json\/wp\/v2\/users\/2"}],"replies":[{"embeddable":true,"href":"https:\/\/www.caririemacao.com\/1\/wp-json\/wp\/v2\/comments?post=157487"}],"version-history":[{"count":1,"href":"https:\/\/www.caririemacao.com\/1\/wp-json\/wp\/v2\/posts\/157487\/revisions"}],"predecessor-version":[{"id":157488,"href":"https:\/\/www.caririemacao.com\/1\/wp-json\/wp\/v2\/posts\/157487\/revisions\/157488"}],"wp:featuredmedia":[{"embeddable":true,"href":"https:\/\/www.caririemacao.com\/1\/wp-json\/wp\/v2\/media\/156234"}],"wp:attachment":[{"href":"https:\/\/www.caririemacao.com\/1\/wp-json\/wp\/v2\/media?parent=157487"}],"wp:term":[{"taxonomy":"category","embeddable":true,"href":"https:\/\/www.caririemacao.com\/1\/wp-json\/wp\/v2\/categories?post=157487"},{"taxonomy":"post_tag","embeddable":true,"href":"https:\/\/www.caririemacao.com\/1\/wp-json\/wp\/v2\/tags?post=157487"}],"curies":[{"name":"wp","href":"https:\/\/api.w.org\/{rel}","templated":true}]}}