{"id":157504,"date":"2020-03-11T17:24:45","date_gmt":"2020-03-11T20:24:45","guid":{"rendered":"http:\/\/www.caririemacao.com\/1\/?p=157504"},"modified":"2020-03-11T17:24:47","modified_gmt":"2020-03-11T20:24:47","slug":"saude-de-monteiro-promove-semana-de-programacao-em-homem-as-mulheres-monteirenses","status":"publish","type":"post","link":"https:\/\/www.caririemacao.com\/1\/2020\/03\/11\/saude-de-monteiro-promove-semana-de-programacao-em-homem-as-mulheres-monteirenses\/","title":{"rendered":"Sa\u00fade de Monteiro promove semana de programa\u00e7\u00e3o em homem \u00e0s mulheres monteirenses"},"content":{"rendered":"\n<p>A Secretaria de Sa\u00fade do munic\u00edpio de Monteiro realizou durante esse semana uma vasta programa\u00e7\u00e3o com palestras, distribui\u00e7\u00e3o de brindes e homenagens para todas as mulheres monteirenses, tamb\u00e9m disponibilizando atendimentos m\u00e9dicos com \u00a0mastologista e ginecologista dando uma aten\u00e7\u00e3o especial a todas as \u00a0mulheres.<\/p>\n\n\n\n<p>Todos os PSF\u00b4s do munic\u00edpio foram inclusos e tamb\u00e9m realizaram suas atividades em homenagem ao Dia Internacional da Mulher com atendimentos direcionadas e com atividades que proporcionam uma melhor qualidade de vida para um dia a dia cada vez melhor.<\/p>\n\n\n\n<figure class=\"wp-block-image size-large\"><img fetchpriority=\"high\" decoding=\"async\" width=\"1024\" height=\"768\" src=\"http:\/\/www.caririemacao.com\/1\/wp-content\/uploads\/2020\/03\/em-monteiro-secretaria-de-saude-realiza-varias-atividades-e-atendimentos-em-comemoracao-ao-dia-internacional-da-mulher-1-1024x768.jpeg\" alt=\"\" class=\"wp-image-157515\" srcset=\"https:\/\/www.caririemacao.com\/1\/wp-content\/uploads\/2020\/03\/em-monteiro-secretaria-de-saude-realiza-varias-atividades-e-atendimentos-em-comemoracao-ao-dia-internacional-da-mulher-1-1024x768.jpeg 1024w, https:\/\/www.caririemacao.com\/1\/wp-content\/uploads\/2020\/03\/em-monteiro-secretaria-de-saude-realiza-varias-atividades-e-atendimentos-em-comemoracao-ao-dia-internacional-da-mulher-1-300x225.jpeg 300w, https:\/\/www.caririemacao.com\/1\/wp-content\/uploads\/2020\/03\/em-monteiro-secretaria-de-saude-realiza-varias-atividades-e-atendimentos-em-comemoracao-ao-dia-internacional-da-mulher-1-768x576.jpeg 768w, https:\/\/www.caririemacao.com\/1\/wp-content\/uploads\/2020\/03\/em-monteiro-secretaria-de-saude-realiza-varias-atividades-e-atendimentos-em-comemoracao-ao-dia-internacional-da-mulher-1.jpeg 1158w\" sizes=\"(max-width: 1024px) 100vw, 1024px\" \/><\/figure>\n\n\n\n<p>A secret\u00e1ria de Sa\u00fade do munic\u00edpio, Ana Paulo Oliveira, esteve presente em todas as atividades realizadas acompanhando e participando de cada momento. \u201cFico muito feliz em poder junto com a equipe de sa\u00fade, est\u00e1 proporcionando esses momentos t\u00e3o especiais para n\u00f3s mulheres e ao mesmo tempo grata pela dedica\u00e7\u00e3o de todos os profissionais, seja nos atendimento, seja nos momentos de confraterniza\u00e7\u00f5es onde realizamos eventos como este, dedicados a elas, mulheres monteirenses\u201d disse a secret\u00e1ria. <\/p>\n\n\n\n<p>Anna Lorena, prefeita do munic\u00edpio, que participou das atividades, falou da sua alegria em realizar momentos t\u00e3o importantes que al\u00e9m de proporcionar sa\u00fade para nossas mulheres traz atividades que valorizam e aumentam a autoestima dessas guerreiras incans\u00e1veis. \u201cForam dias muito especiais, n\u00e3o s\u00f3 para mim que pude est\u00e1 presente e participando juntos com essas mulheres guerreiras de todos esses momentos, mas para toda a equipe da sa\u00fade do nosso munic\u00edpio, onde podemos oferecer al\u00e9m de atendimentos m\u00e9dicos, uma vasta programa\u00e7\u00e3o com muita m\u00fasica, poesia, homenagens, sorteio de brindes e deliciosos caf\u00e9 da manh\u00e3. Para mim, motivo de muita alegria e que juntos possamos continuar fazendo em nosso munic\u00edpio uma sa\u00fade cada vez melhor\u201d.<\/p>\n\n\n\n<figure class=\"wp-block-image size-large\"><img decoding=\"async\" width=\"1024\" height=\"681\" data-src=\"http:\/\/www.caririemacao.com\/1\/wp-content\/uploads\/2020\/03\/em-monteiro-secretaria-de-saude-realiza-varias-atividades-e-atendimentos-em-comemoracao-ao-dia-internacional-da-mulher-7-1024x681.jpeg\" alt=\"\" class=\"wp-image-157514 lazyload\" data-srcset=\"https:\/\/www.caririemacao.com\/1\/wp-content\/uploads\/2020\/03\/em-monteiro-secretaria-de-saude-realiza-varias-atividades-e-atendimentos-em-comemoracao-ao-dia-internacional-da-mulher-7-1024x681.jpeg 1024w, https:\/\/www.caririemacao.com\/1\/wp-content\/uploads\/2020\/03\/em-monteiro-secretaria-de-saude-realiza-varias-atividades-e-atendimentos-em-comemoracao-ao-dia-internacional-da-mulher-7-300x199.jpeg 300w, https:\/\/www.caririemacao.com\/1\/wp-content\/uploads\/2020\/03\/em-monteiro-secretaria-de-saude-realiza-varias-atividades-e-atendimentos-em-comemoracao-ao-dia-internacional-da-mulher-7-768x511.jpeg 768w, https:\/\/www.caririemacao.com\/1\/wp-content\/uploads\/2020\/03\/em-monteiro-secretaria-de-saude-realiza-varias-atividades-e-atendimentos-em-comemoracao-ao-dia-internacional-da-mulher-7.jpeg 1280w\" data-sizes=\"(max-width: 1024px) 100vw, 1024px\" src=\"data:image\/svg+xml;base64,PHN2ZyB3aWR0aD0iMSIgaGVpZ2h0PSIxIiB4bWxucz0iaHR0cDovL3d3dy53My5vcmcvMjAwMC9zdmciPjwvc3ZnPg==\" style=\"--smush-placeholder-width: 1024px; --smush-placeholder-aspect-ratio: 1024\/681;\" \/><\/figure>\n\n\n\n<p>Do(a)\u00a0Secom &#8211; PMM\u00a0<\/p>\n","protected":false},"excerpt":{"rendered":"<p>A Secretaria de Sa\u00fade do munic\u00edpio de Monteiro realizou durante esse semana uma vasta programa\u00e7\u00e3o com palestras, distribui\u00e7\u00e3o de brindes e homenagens para todas as&hellip; <\/p>\n","protected":false},"author":1,"featured_media":157513,"comment_status":"closed","ping_status":"closed","sticky":false,"template":"","format":"standard","meta":{"sfsi_plus_gutenberg_text_before_share":"","sfsi_plus_gutenberg_show_text_before_share":"","sfsi_plus_gutenberg_icon_type":"","sfsi_plus_gutenberg_icon_alignemt":"","sfsi_plus_gutenburg_max_per_row":"","footnotes":""},"categories":[6,50],"tags":[],"class_list":["post-157504","post","type-post","status-publish","format-standard","has-post-thumbnail","hentry","category-cidades","category-destaque"],"_links":{"self":[{"href":"https:\/\/www.caririemacao.com\/1\/wp-json\/wp\/v2\/posts\/157504","targetHints":{"allow":["GET"]}}],"collection":[{"href":"https:\/\/www.caririemacao.com\/1\/wp-json\/wp\/v2\/posts"}],"about":[{"href":"https:\/\/www.caririemacao.com\/1\/wp-json\/wp\/v2\/types\/post"}],"author":[{"embeddable":true,"href":"https:\/\/www.caririemacao.com\/1\/wp-json\/wp\/v2\/users\/1"}],"replies":[{"embeddable":true,"href":"https:\/\/www.caririemacao.com\/1\/wp-json\/wp\/v2\/comments?post=157504"}],"version-history":[{"count":1,"href":"https:\/\/www.caririemacao.com\/1\/wp-json\/wp\/v2\/posts\/157504\/revisions"}],"predecessor-version":[{"id":157516,"href":"https:\/\/www.caririemacao.com\/1\/wp-json\/wp\/v2\/posts\/157504\/revisions\/157516"}],"wp:featuredmedia":[{"embeddable":true,"href":"https:\/\/www.caririemacao.com\/1\/wp-json\/wp\/v2\/media\/157513"}],"wp:attachment":[{"href":"https:\/\/www.caririemacao.com\/1\/wp-json\/wp\/v2\/media?parent=157504"}],"wp:term":[{"taxonomy":"category","embeddable":true,"href":"https:\/\/www.caririemacao.com\/1\/wp-json\/wp\/v2\/categories?post=157504"},{"taxonomy":"post_tag","embeddable":true,"href":"https:\/\/www.caririemacao.com\/1\/wp-json\/wp\/v2\/tags?post=157504"}],"curies":[{"name":"wp","href":"https:\/\/api.w.org\/{rel}","templated":true}]}}