{"id":157517,"date":"2020-03-11T17:35:44","date_gmt":"2020-03-11T20:35:44","guid":{"rendered":"http:\/\/www.caririemacao.com\/1\/?p=157517"},"modified":"2020-03-11T17:44:19","modified_gmt":"2020-03-11T20:44:19","slug":"monteirenses-agradecem-acoes-e-servicos-prestados-pela-prefeitura","status":"publish","type":"post","link":"https:\/\/www.caririemacao.com\/1\/2020\/03\/11\/monteirenses-agradecem-acoes-e-servicos-prestados-pela-prefeitura\/","title":{"rendered":"Monteirenses agradecem por a\u00e7\u00f5es e servi\u00e7os prestados pela prefeitura"},"content":{"rendered":"\n<p>A Prefeitura de Monteiro na administra\u00e7\u00e3o da prefeita Anna Lorena vem investindo em diversas \u00e1reas beneficiando a sa\u00fade, agricultura, infraestrutura e demais setores. <\/p>\n\n\n\n<p>\u201cA parceria com as associa\u00e7\u00f5es rurais e a realiza\u00e7\u00e3o dos trabalhos s\u00e3o muito importantes porque os presidentes das associa\u00e7\u00f5es vieram ter valor e vez agora na administra\u00e7\u00e3o da prefeita Anna Lorena. A gente tem que agradecer a Deus porque o trabalho dela \u00e9 de muita compet\u00eancia. Estou satisfeita porque a gente quando vem pedir qualquer coisa ela sempre atende a comunidade. Aqui est\u00e1 parecendo uma cidade do tanto que melhorou\u201d, disse Francisca de Paula do S\u00edtio Extrema.<\/p>\n\n\n\n<p>Estas a\u00e7\u00f5es rendem a satisfa\u00e7\u00e3o da popula\u00e7\u00e3o, seja na zona urbana quanto rural, a exemplo do tratamento com espuma ecoguiada, um servi\u00e7o pioneiro na Para\u00edba oferecido atrav\u00e9s de recursos pr\u00f3prios. Para o senhor Inaildo residente na comunidade da Santana, o servi\u00e7o bem como o atendimento melhoraram sua qualidade de vida, conforme conta. \u201cO atendimento \u00e9 maravilhoso. Eu estava com um problema nas veias e estou fazendo o tratamento e estou muito feliz gra\u00e7as a Deus. Eu moro no s\u00edtio e tenho que andar de moto e tudo isso era problema. Ainda agrade\u00e7o a prefeita que est\u00e1 fazendo um servi\u00e7o na passagem molhada da Santana. T\u00e1 todo mundo feliz\u201d.<\/p>\n\n\n\n<p>J\u00e1 a senhora Antonia Clementina comenta: \u201c\u00c9 a primeira vez que passo aqui nessa especialidade. Eu passo no PSF 08 e era atendida no Clementino Fraga, mas agora acho bom vir pra c\u00e1 porque n\u00e3o preciso viajar\u201d. E o paciente Jos\u00e9 Edilson do S\u00edtio Aroeiras completa: \u201cFui pra Campina v\u00e1rias vezes e n\u00e3o consegui atendimento. Mas agora aqui t\u00e1 tudo certo. To satisfeito\u201d.<\/p>\n\n\n\n<p>J\u00e1 o produtor Fernando de Oz\u00f3rio faz quest\u00e3o de frisar a import\u00e2ncia deste benef\u00edcio dizendo: \u201cFoi uma boa id\u00e9ia, porque os animais vem com sede e foi muito importante, assim como a balan\u00e7a foi muito bom, bom demais, precisava.\u201d E o criador Tupa da Serra do Moc\u00f3 complementa: \u201cFoi um servi\u00e7o que todo mundo queria e ela fez. Ela t\u00e1 ajeitando as estradas e isso \u00e9 bom tamb\u00e9m\u201d.<\/p>\n\n\n\n<p>Na infraestrutura, Anna Lorena vem realizando as obras anunciadas nos Programas Cidade do Trabalho I e II e um dos destaques s\u00e3o as ruas que ganham pavimenta\u00e7\u00e3o em paralelep\u00edpedo. Um dos moradores da Rua Sebasti\u00e3o Aquino destaca a luta dos moradores e a compet\u00eancia da gestora em conseguir realizar a melhoria. \u201cFoi uma bravura e um orgulho ter esse cal\u00e7amento aqui, agrade\u00e7o muito a Lorena. Ela cal\u00e7ou e est\u00e1 todo mundo grato. Aqui tinha muita poeira e agora valorizou. Ela disse que ia fazer e fez \u00e9 dando que se recebe, estou com ela e posso dizer que sou porque sou aposentando e n\u00e3o ganho nada de ningu\u00e9m. Estamos muito orgulhosos com isso, foi uma luta nossa que pediu e da prefeita que realizou\u201d.<\/p>\n\n\n\n<p>Sobre os feedbacks recebidos pela administra\u00e7\u00e3o a gestora comemora: \u201cMeu cora\u00e7\u00e3o se enche de felicidade em saber que nossas equipes trabalham e recebem o reconhecimento das comunidades. Somos uma administra\u00e7\u00e3o que visa fazer de Monteiro uma cidade cada vez melhor e mesmo em meio a tantas pessoas que buscam nos denegrir, nosso trabalho fala mais alto, fala pela boca da pr\u00f3pria popula\u00e7\u00e3o e este \u00e9 o melhor agradecimento que podemos receber\u201d.<\/p>\n\n\n\n<p>Do(a)&nbsp;Secom &#8211; PMM<\/p>\n","protected":false},"excerpt":{"rendered":"<p>A Prefeitura de Monteiro na administra\u00e7\u00e3o da prefeita Anna Lorena vem investindo em diversas \u00e1reas beneficiando a sa\u00fade, agricultura, infraestrutura e demais setores. \u201cA parceria&hellip; <\/p>\n","protected":false},"author":1,"featured_media":157518,"comment_status":"closed","ping_status":"closed","sticky":false,"template":"","format":"standard","meta":{"sfsi_plus_gutenberg_text_before_share":"","sfsi_plus_gutenberg_show_text_before_share":"","sfsi_plus_gutenberg_icon_type":"","sfsi_plus_gutenberg_icon_alignemt":"","sfsi_plus_gutenburg_max_per_row":"","footnotes":""},"categories":[6,50],"tags":[],"class_list":["post-157517","post","type-post","status-publish","format-standard","has-post-thumbnail","hentry","category-cidades","category-destaque"],"_links":{"self":[{"href":"https:\/\/www.caririemacao.com\/1\/wp-json\/wp\/v2\/posts\/157517","targetHints":{"allow":["GET"]}}],"collection":[{"href":"https:\/\/www.caririemacao.com\/1\/wp-json\/wp\/v2\/posts"}],"about":[{"href":"https:\/\/www.caririemacao.com\/1\/wp-json\/wp\/v2\/types\/post"}],"author":[{"embeddable":true,"href":"https:\/\/www.caririemacao.com\/1\/wp-json\/wp\/v2\/users\/1"}],"replies":[{"embeddable":true,"href":"https:\/\/www.caririemacao.com\/1\/wp-json\/wp\/v2\/comments?post=157517"}],"version-history":[{"count":2,"href":"https:\/\/www.caririemacao.com\/1\/wp-json\/wp\/v2\/posts\/157517\/revisions"}],"predecessor-version":[{"id":157520,"href":"https:\/\/www.caririemacao.com\/1\/wp-json\/wp\/v2\/posts\/157517\/revisions\/157520"}],"wp:featuredmedia":[{"embeddable":true,"href":"https:\/\/www.caririemacao.com\/1\/wp-json\/wp\/v2\/media\/157518"}],"wp:attachment":[{"href":"https:\/\/www.caririemacao.com\/1\/wp-json\/wp\/v2\/media?parent=157517"}],"wp:term":[{"taxonomy":"category","embeddable":true,"href":"https:\/\/www.caririemacao.com\/1\/wp-json\/wp\/v2\/categories?post=157517"},{"taxonomy":"post_tag","embeddable":true,"href":"https:\/\/www.caririemacao.com\/1\/wp-json\/wp\/v2\/tags?post=157517"}],"curies":[{"name":"wp","href":"https:\/\/api.w.org\/{rel}","templated":true}]}}