{"id":157522,"date":"2020-03-12T00:11:34","date_gmt":"2020-03-12T03:11:34","guid":{"rendered":"http:\/\/www.caririemacao.com\/1\/?p=157522"},"modified":"2020-03-12T00:12:31","modified_gmt":"2020-03-12T03:12:31","slug":"onibus-que-transportava-universitarios-tomba-deixando-mortos-e-feridos-no-sertao-da-pb","status":"publish","type":"post","link":"https:\/\/www.caririemacao.com\/1\/2020\/03\/12\/onibus-que-transportava-universitarios-tomba-deixando-mortos-e-feridos-no-sertao-da-pb\/","title":{"rendered":"\u00d4nibus que transportava universit\u00e1rios tomba deixando mortos e feridos no sert\u00e3o da PB"},"content":{"rendered":"\n<p>Um \u00f4nibus que transportava estudantes da cidade de Juru, que fica na regi\u00e3o de Princesa Isabel, Sert\u00e3o paraibano, tombou nas proximidades do portal de acesso \u00e0 cidade de Triunfo-PE, na noite desta quarta-feira (11), deixando mortos e feridos.<\/p>\n\n\n\n<p>De acordo com as primeiras informa\u00e7\u00f5es,&nbsp;duas pessoas morreram e pelo menos nove feridos foram conduzidos a um hospital da reg\u00e3o.<\/p>\n\n\n\n<p>O \u00f4nibus estaria transportando estudantes para Serra Talhada-PE quando tombou, mas ainda n\u00e3o se sabe o que teria provocado o acidente.<\/p>\n\n\n\n<p>Os nomes das v\u00edtimas fatais ainda n\u00e3o foram divulgados pelas autoridades policiais, segundo informou o Capit\u00e3o In\u00e1cio do Corpo de Bombeiros.<\/p>\n\n\n\n<p><em>Com Di\u00e1rio do Sert\u00e3o<\/em>\/ De Olho no Cariri<\/p>\n","protected":false},"excerpt":{"rendered":"<p>Um \u00f4nibus que transportava estudantes da cidade de Juru, que fica na regi\u00e3o de Princesa Isabel, Sert\u00e3o paraibano, tombou nas proximidades do portal de acesso&hellip; <\/p>\n","protected":false},"author":1,"featured_media":157523,"comment_status":"closed","ping_status":"closed","sticky":false,"template":"","format":"standard","meta":{"sfsi_plus_gutenberg_text_before_share":"","sfsi_plus_gutenberg_show_text_before_share":"","sfsi_plus_gutenberg_icon_type":"","sfsi_plus_gutenberg_icon_alignemt":"","sfsi_plus_gutenburg_max_per_row":"","footnotes":""},"categories":[6,50],"tags":[],"class_list":["post-157522","post","type-post","status-publish","format-standard","has-post-thumbnail","hentry","category-cidades","category-destaque"],"_links":{"self":[{"href":"https:\/\/www.caririemacao.com\/1\/wp-json\/wp\/v2\/posts\/157522","targetHints":{"allow":["GET"]}}],"collection":[{"href":"https:\/\/www.caririemacao.com\/1\/wp-json\/wp\/v2\/posts"}],"about":[{"href":"https:\/\/www.caririemacao.com\/1\/wp-json\/wp\/v2\/types\/post"}],"author":[{"embeddable":true,"href":"https:\/\/www.caririemacao.com\/1\/wp-json\/wp\/v2\/users\/1"}],"replies":[{"embeddable":true,"href":"https:\/\/www.caririemacao.com\/1\/wp-json\/wp\/v2\/comments?post=157522"}],"version-history":[{"count":1,"href":"https:\/\/www.caririemacao.com\/1\/wp-json\/wp\/v2\/posts\/157522\/revisions"}],"predecessor-version":[{"id":157524,"href":"https:\/\/www.caririemacao.com\/1\/wp-json\/wp\/v2\/posts\/157522\/revisions\/157524"}],"wp:featuredmedia":[{"embeddable":true,"href":"https:\/\/www.caririemacao.com\/1\/wp-json\/wp\/v2\/media\/157523"}],"wp:attachment":[{"href":"https:\/\/www.caririemacao.com\/1\/wp-json\/wp\/v2\/media?parent=157522"}],"wp:term":[{"taxonomy":"category","embeddable":true,"href":"https:\/\/www.caririemacao.com\/1\/wp-json\/wp\/v2\/categories?post=157522"},{"taxonomy":"post_tag","embeddable":true,"href":"https:\/\/www.caririemacao.com\/1\/wp-json\/wp\/v2\/tags?post=157522"}],"curies":[{"name":"wp","href":"https:\/\/api.w.org\/{rel}","templated":true}]}}