{"id":157529,"date":"2020-03-12T07:17:09","date_gmt":"2020-03-12T10:17:09","guid":{"rendered":"http:\/\/www.caririemacao.com\/1\/?p=157529"},"modified":"2020-03-12T07:17:11","modified_gmt":"2020-03-12T10:17:11","slug":"gestao-viabiliza-palestra-informativa-sobre-o-bolsa-familia-em-camalau","status":"publish","type":"post","link":"https:\/\/www.caririemacao.com\/1\/2020\/03\/12\/gestao-viabiliza-palestra-informativa-sobre-o-bolsa-familia-em-camalau\/","title":{"rendered":"Gest\u00e3o viabiliza palestra informativa sobre o Bolsa fam\u00edlia em Camala\u00fa"},"content":{"rendered":"\n<p> O Governo Municipal de Camala\u00fa, atrav\u00e9s da Secretaria de Trabalho e A\u00e7\u00e3o Social, promoveu neste dia 11 de mar\u00e7o de 2020, palestra sobre as mudan\u00e7as no programa Bolsa Fam\u00edlia.<br>A palestra contou com a presen\u00e7a de muitos benefici\u00e1rios que foram recebidos com muito forr\u00f3 e caf\u00e9 da manh\u00e3.<br>A palestra foi ministrada por Neto, gestor de programas sociais com vasta experi\u00eancia em v\u00e1rios munic\u00edpios do Cariri, \u00e0 exemplo de Monteiro, entre outras.<\/p>\n","protected":false},"excerpt":{"rendered":"<p>O Governo Municipal de Camala\u00fa, atrav\u00e9s da Secretaria de Trabalho e A\u00e7\u00e3o Social, promoveu neste dia 11 de mar\u00e7o de 2020, palestra sobre as mudan\u00e7as&hellip; <\/p>\n","protected":false},"author":2,"featured_media":157530,"comment_status":"closed","ping_status":"closed","sticky":false,"template":"","format":"standard","meta":{"sfsi_plus_gutenberg_text_before_share":"","sfsi_plus_gutenberg_show_text_before_share":"","sfsi_plus_gutenberg_icon_type":"","sfsi_plus_gutenberg_icon_alignemt":"","sfsi_plus_gutenburg_max_per_row":"","footnotes":""},"categories":[2],"tags":[],"class_list":["post-157529","post","type-post","status-publish","format-standard","has-post-thumbnail","hentry","category-geral"],"_links":{"self":[{"href":"https:\/\/www.caririemacao.com\/1\/wp-json\/wp\/v2\/posts\/157529","targetHints":{"allow":["GET"]}}],"collection":[{"href":"https:\/\/www.caririemacao.com\/1\/wp-json\/wp\/v2\/posts"}],"about":[{"href":"https:\/\/www.caririemacao.com\/1\/wp-json\/wp\/v2\/types\/post"}],"author":[{"embeddable":true,"href":"https:\/\/www.caririemacao.com\/1\/wp-json\/wp\/v2\/users\/2"}],"replies":[{"embeddable":true,"href":"https:\/\/www.caririemacao.com\/1\/wp-json\/wp\/v2\/comments?post=157529"}],"version-history":[{"count":1,"href":"https:\/\/www.caririemacao.com\/1\/wp-json\/wp\/v2\/posts\/157529\/revisions"}],"predecessor-version":[{"id":157531,"href":"https:\/\/www.caririemacao.com\/1\/wp-json\/wp\/v2\/posts\/157529\/revisions\/157531"}],"wp:featuredmedia":[{"embeddable":true,"href":"https:\/\/www.caririemacao.com\/1\/wp-json\/wp\/v2\/media\/157530"}],"wp:attachment":[{"href":"https:\/\/www.caririemacao.com\/1\/wp-json\/wp\/v2\/media?parent=157529"}],"wp:term":[{"taxonomy":"category","embeddable":true,"href":"https:\/\/www.caririemacao.com\/1\/wp-json\/wp\/v2\/categories?post=157529"},{"taxonomy":"post_tag","embeddable":true,"href":"https:\/\/www.caririemacao.com\/1\/wp-json\/wp\/v2\/tags?post=157529"}],"curies":[{"name":"wp","href":"https:\/\/api.w.org\/{rel}","templated":true}]}}