{"id":157532,"date":"2020-03-12T07:24:09","date_gmt":"2020-03-12T10:24:09","guid":{"rendered":"http:\/\/www.caririemacao.com\/1\/?p=157532"},"modified":"2020-03-12T07:24:10","modified_gmt":"2020-03-12T10:24:10","slug":"atleta-natural-de-serra-branca-se-apresenta-a-selecao-brasileira-sub-16-na-granja-comary","status":"publish","type":"post","link":"https:\/\/www.caririemacao.com\/1\/2020\/03\/12\/atleta-natural-de-serra-branca-se-apresenta-a-selecao-brasileira-sub-16-na-granja-comary\/","title":{"rendered":"Atleta natural de Serra Branca se apresenta \u00e0 sele\u00e7\u00e3o brasileira sub-16 na Granja Comary"},"content":{"rendered":"\n<div class=\"wp-block-image\"><figure class=\"aligncenter\"><img decoding=\"async\" data-src=\"http:\/\/deolhonocariri.com.br\/wp-content\/uploads\/2020\/03\/rrrafael-lima.jpg\" alt=\"\" class=\"wp-image-79024 lazyload\" src=\"data:image\/svg+xml;base64,PHN2ZyB3aWR0aD0iMSIgaGVpZ2h0PSIxIiB4bWxucz0iaHR0cDovL3d3dy53My5vcmcvMjAwMC9zdmciPjwvc3ZnPg==\" \/><\/figure><\/div>\n\n\n\n<p>O jovem Rafael Lima Buss, 15 anos, natural da cidade de Serra Branca, Cariri paraibano, se apresentou nesta \u00faltima ter\u00e7a-feira(10), no centro de treinamentos da Granja Comary juntamente com todo os atletas convocados para a sele\u00e7\u00e3o brasileira sub-16.<\/p>\n\n\n\n<p>O jogador que atua nas categorias de base do Gr\u00eamio de Porto Alegre, estava de f\u00e9rias ap\u00f3s um per\u00edodo vitorioso na temporada passada e desde o \u00faltimo dia 04 de mar\u00e7o se apresentou a equipe do tricolor ga\u00facho, onde realizou uma s\u00e9rie de exames e etapas para encaminhar para a comiss\u00e3o t\u00e9cnica brasileira.<\/p>\n\n\n\n<p>O t\u00e9cnico das sele\u00e7\u00f5es formadas por jogadores nascidos em anos \u00edmpares, Dudu Patetuci, convocou 26 atletas para per\u00edodo de observa\u00e7\u00e3o e treinamentos, visando a uma competi\u00e7\u00e3o na qual a sele\u00e7\u00e3o canarinho ir\u00e1 disputar na Espanha no m\u00eas de abril.<\/p>\n\n\n\n<p>Os atletas se apresentaram e realizaram o primeiro treinamento nesta ter\u00e7a-feira e seguir\u00e3o sendo avaliados pelo t\u00e9cnico Dudu Patetuci no Centro de Treinamentos da Sele\u00e7\u00e3o Brasileira, em Teres\u00f3polis.<\/p>\n\n\n\n<p>Em contato com o Site Cariri Esporte, Rafael Lima falou sobre o sentimento de vestir pela primeira vez a camisa da sele\u00e7\u00e3o brasileira e destacou que era um sonho de sua vida: \u201cEst\u00e1 sendo uma das grandes realiza\u00e7\u00f5es de toda a minha vida! \u00c9 um sonho sendo realizado. Acho que seja um sonho de toda crian\u00e7a \u00e9 chegar na sele\u00e7\u00e3o brasileira e eu no meio de tantos, consegui. Agora \u00e9 agarrar a oportunidade e poder se firmar aqui na sele\u00e7\u00e3o\u201d, disse Rafael Lima.<\/p>\n\n\n\n<p><strong>CONHE\u00c7A MAIS SOBRE O ATLETA RAFAEL LIMA BUSS<\/strong><\/p>\n\n\n\n<div class=\"wp-block-image\"><figure class=\"aligncenter\"><img decoding=\"async\" data-src=\"http:\/\/deolhonocariri.com.br\/wp-content\/uploads\/2020\/03\/89722177_1452250198284102_2772439236819812352_n.jpg\" alt=\"\" class=\"wp-image-79025 lazyload\" src=\"data:image\/svg+xml;base64,PHN2ZyB3aWR0aD0iMSIgaGVpZ2h0PSIxIiB4bWxucz0iaHR0cDovL3d3dy53My5vcmcvMjAwMC9zdmciPjwvc3ZnPg==\" \/><\/figure><\/div>\n\n\n\n<p>Zagueiro de of\u00edcio, a jovem promessa que atua nas categorias de base do Gr\u00eamio j\u00e1 a 02 anos, vem se configurando com um das principais revela\u00e7\u00f5es do tricolor ga\u00facho.<\/p>\n\n\n\n<p>O jovem de apenas 15 anos \u00e9 um dos grandes zagueiros da base do tricolor ga\u00facho e vem se destacando no cen\u00e1rio brasileiro, sendo observado pela comiss\u00e3o t\u00e9cnica brasileira.<\/p>\n\n\n\n<p>Ao ser convocado pela primeira vez, a fam\u00edlia de Rafael Lima, recebeu a not\u00edcia com alegria no m\u00eas passado. Segundo a m\u00e3e do atleta, a serra-branquense \u00c2ngela, a convoca\u00e7\u00e3o \u00e9 a realiza\u00e7\u00e3o de um sonho. \u201c\u00c9 uma felicidade imensa. Para ser muito sincera, at\u00e9 agora a ficha n\u00e3o caiu. \u00c9 uma coisa dif\u00edcil de acreditar. A gente sabe do potencial dele e a gente sonha sempre mas a concorr\u00eancia \u00e9 grande, tem muita gente boa tentando tamb\u00e9m. \u00c9 um sonho que se torna realidade\u201d, Disse a m\u00e3e.<\/p>\n\n\n\n<p>Atualmente os pais de Rafael Lima, Sigmar e \u00c2ngela, residem no Rio de Janeiro e transmitiram a alegria para os familiares e colegas no estado do Espirito do Santo e Para\u00edba, respectivos estados na qual os pais s\u00e3o naturais.<\/p>\n\n\n\n<p>Recentemente Rafael Lima esteve em Serra Branca com seus pais curtindo as f\u00e9rias. Na sua visita em Serra Branca Rafael foi apresentado ao professor galeguinho onde se conheceram por interm\u00e9dio do comunicador esportivo Edilmo Lima e ele j\u00e1 falava da expectativa para chegar a integrar a sele\u00e7\u00e3o brasileira e frisou que era um sonho.<\/p>\n\n\n\n<p><em>Site Cariri Esporte<\/em><\/p>\n","protected":false},"excerpt":{"rendered":"<p>O jovem Rafael Lima Buss, 15 anos, natural da cidade de Serra Branca, Cariri paraibano, se apresentou nesta \u00faltima ter\u00e7a-feira(10), no centro de treinamentos da&hellip; <\/p>\n","protected":false},"author":2,"featured_media":157533,"comment_status":"closed","ping_status":"closed","sticky":false,"template":"","format":"standard","meta":{"sfsi_plus_gutenberg_text_before_share":"","sfsi_plus_gutenberg_show_text_before_share":"","sfsi_plus_gutenberg_icon_type":"","sfsi_plus_gutenberg_icon_alignemt":"","sfsi_plus_gutenburg_max_per_row":"","footnotes":""},"categories":[2],"tags":[],"class_list":["post-157532","post","type-post","status-publish","format-standard","has-post-thumbnail","hentry","category-geral"],"_links":{"self":[{"href":"https:\/\/www.caririemacao.com\/1\/wp-json\/wp\/v2\/posts\/157532","targetHints":{"allow":["GET"]}}],"collection":[{"href":"https:\/\/www.caririemacao.com\/1\/wp-json\/wp\/v2\/posts"}],"about":[{"href":"https:\/\/www.caririemacao.com\/1\/wp-json\/wp\/v2\/types\/post"}],"author":[{"embeddable":true,"href":"https:\/\/www.caririemacao.com\/1\/wp-json\/wp\/v2\/users\/2"}],"replies":[{"embeddable":true,"href":"https:\/\/www.caririemacao.com\/1\/wp-json\/wp\/v2\/comments?post=157532"}],"version-history":[{"count":1,"href":"https:\/\/www.caririemacao.com\/1\/wp-json\/wp\/v2\/posts\/157532\/revisions"}],"predecessor-version":[{"id":157534,"href":"https:\/\/www.caririemacao.com\/1\/wp-json\/wp\/v2\/posts\/157532\/revisions\/157534"}],"wp:featuredmedia":[{"embeddable":true,"href":"https:\/\/www.caririemacao.com\/1\/wp-json\/wp\/v2\/media\/157533"}],"wp:attachment":[{"href":"https:\/\/www.caririemacao.com\/1\/wp-json\/wp\/v2\/media?parent=157532"}],"wp:term":[{"taxonomy":"category","embeddable":true,"href":"https:\/\/www.caririemacao.com\/1\/wp-json\/wp\/v2\/categories?post=157532"},{"taxonomy":"post_tag","embeddable":true,"href":"https:\/\/www.caririemacao.com\/1\/wp-json\/wp\/v2\/tags?post=157532"}],"curies":[{"name":"wp","href":"https:\/\/api.w.org\/{rel}","templated":true}]}}