{"id":157536,"date":"2020-03-12T07:27:42","date_gmt":"2020-03-12T10:27:42","guid":{"rendered":"http:\/\/www.caririemacao.com\/1\/?p=157536"},"modified":"2020-03-12T07:27:44","modified_gmt":"2020-03-12T10:27:44","slug":"prefeito-do-amparo-inacio-nobrega-convida-alunos-para-entrega-de-certificados","status":"publish","type":"post","link":"https:\/\/www.caririemacao.com\/1\/2020\/03\/12\/prefeito-do-amparo-inacio-nobrega-convida-alunos-para-entrega-de-certificados\/","title":{"rendered":"Prefeito do Amparo In\u00e1cio N\u00f3brega convida alunos para entrega de certificados"},"content":{"rendered":"\n<p>O prefeito de Amparo, In\u00e1cio N\u00f3brega junto com a secret\u00e1ria de sa\u00fade, Ver\u00f4nica Rafael, convidam todos os alunos do curso de Atendimento Pr\u00e9-hospitalar, para participarem da entrega de certificados.<br>O evento acontecer\u00e1 na pr\u00f3xima quinta-feira (12), \u00e0s 15;00h na Secretaria de Sa\u00fade da cidade de Amparo.<strong><br>AMPARO LIGADO<\/strong><\/p>\n","protected":false},"excerpt":{"rendered":"<p>O prefeito de Amparo, In\u00e1cio N\u00f3brega junto com a secret\u00e1ria de sa\u00fade, Ver\u00f4nica Rafael, convidam todos os alunos do curso de Atendimento Pr\u00e9-hospitalar, para participarem&hellip; <\/p>\n","protected":false},"author":2,"featured_media":157537,"comment_status":"closed","ping_status":"closed","sticky":false,"template":"","format":"standard","meta":{"sfsi_plus_gutenberg_text_before_share":"","sfsi_plus_gutenberg_show_text_before_share":"","sfsi_plus_gutenberg_icon_type":"","sfsi_plus_gutenberg_icon_alignemt":"","sfsi_plus_gutenburg_max_per_row":"","footnotes":""},"categories":[2],"tags":[],"class_list":["post-157536","post","type-post","status-publish","format-standard","has-post-thumbnail","hentry","category-geral"],"_links":{"self":[{"href":"https:\/\/www.caririemacao.com\/1\/wp-json\/wp\/v2\/posts\/157536","targetHints":{"allow":["GET"]}}],"collection":[{"href":"https:\/\/www.caririemacao.com\/1\/wp-json\/wp\/v2\/posts"}],"about":[{"href":"https:\/\/www.caririemacao.com\/1\/wp-json\/wp\/v2\/types\/post"}],"author":[{"embeddable":true,"href":"https:\/\/www.caririemacao.com\/1\/wp-json\/wp\/v2\/users\/2"}],"replies":[{"embeddable":true,"href":"https:\/\/www.caririemacao.com\/1\/wp-json\/wp\/v2\/comments?post=157536"}],"version-history":[{"count":1,"href":"https:\/\/www.caririemacao.com\/1\/wp-json\/wp\/v2\/posts\/157536\/revisions"}],"predecessor-version":[{"id":157538,"href":"https:\/\/www.caririemacao.com\/1\/wp-json\/wp\/v2\/posts\/157536\/revisions\/157538"}],"wp:featuredmedia":[{"embeddable":true,"href":"https:\/\/www.caririemacao.com\/1\/wp-json\/wp\/v2\/media\/157537"}],"wp:attachment":[{"href":"https:\/\/www.caririemacao.com\/1\/wp-json\/wp\/v2\/media?parent=157536"}],"wp:term":[{"taxonomy":"category","embeddable":true,"href":"https:\/\/www.caririemacao.com\/1\/wp-json\/wp\/v2\/categories?post=157536"},{"taxonomy":"post_tag","embeddable":true,"href":"https:\/\/www.caririemacao.com\/1\/wp-json\/wp\/v2\/tags?post=157536"}],"curies":[{"name":"wp","href":"https:\/\/api.w.org\/{rel}","templated":true}]}}